{"id":313749,"date":"2015-09-19T10:10:37","date_gmt":"2015-09-19T15:10:37","guid":{"rendered":"http:\/\/futboltotal.com.mx\/?p=313749"},"modified":"2015-09-19T10:14:10","modified_gmt":"2015-09-19T15:14:10","slug":"el-extrano-saludo-entre-mourinho-y-wenger","status":"publish","type":"post","link":"http:\/\/desarrollo.grupomedios.com\/futbol\/videos\/el-extrano-saludo-entre-mourinho-y-wenger\/2015\/09","title":{"rendered":"El extra\u00f1o saludo entre Mourinho y Wenger"},"content":{"rendered":"<p>En la Community Shield fueron el tema a tratar, inclusive por encima de la victoria del Arsenal. Hoy, previo al choque entre <em>Blues<\/em> y <em>Gunners<\/em>, nuevamente <strong>Jose Mourinho<\/strong> y <strong>Arsene Wenger<\/strong> se llevaron los reflectores.<\/p>\n<p>La suerte no segu\u00eda al cuadro de Mou en los \u00faltimos encuentros y por ello busc\u00f3 una f\u00f3rmula distinta para llevarse el festejo ante el Arsenal. Stamford Bridge estaba expectante y Mourinho sal\u00edo a interrumpir el camino a Wenger y cuando se pensaba lo peor, el t\u00e9cnico portugu\u00e9s estrech\u00f3 la mano del timonel franc\u00e9s, solo eso, un inc\u00f3modo y extra\u00f1o saludo entre dos extraordinarios t\u00e9cnicos.<\/p>\n<p>La acci\u00f3n es importante debido a los continuos disgustos entre t\u00e9cnicos, que incluyen reproches, declaraciones incendiarias y la \u00faltima vez, un gesto poco digno de Mourinho, quien felicit\u00f3 a todos los integrantes del Arsenal por el triunfo, hasta que se top\u00f3 con Wenger y<a href=\"http:\/\/futboltotal.com.mx\/2015\/08\/mourinho-ignora-a-wenger-en-sus-felicitaciones\/\"> le dio la espalda para evitar el estrechar su mano<\/a>.<\/p>\n<p><iframe loading=\"lazy\" src=\"https:\/\/www.youtube.com\/embed\/iAVLb3-3MfI\" frameborder=\"0\" allowfullscreen=\"allowfullscreen\"><\/iframe><\/p>\n","protected":false},"excerpt":{"rendered":"<p>El portugu\u00e9s acudi\u00f3 a la cita para estrechar la mano del franc\u00e9s de manera ins\u00f3lita <\/p>\n","protected":false},"author":20,"featured_media":313751,"comment_status":"open","ping_status":"open","sticky":false,"template":"","format":"standard","meta":[],"categories":[3846,4],"tags":[2177,288],"_links":{"self":[{"href":"http:\/\/desarrollo.grupomedios.com\/futbol\/wp-json\/wp\/v2\/posts\/313749"}],"collection":[{"href":"http:\/\/desarrollo.grupomedios.com\/futbol\/wp-json\/wp\/v2\/posts"}],"about":[{"href":"http:\/\/desarrollo.grupomedios.com\/futbol\/wp-json\/wp\/v2\/types\/post"}],"author":[{"embeddable":true,"href":"http:\/\/desarrollo.grupomedios.com\/futbol\/wp-json\/wp\/v2\/users\/20"}],"replies":[{"embeddable":true,"href":"http:\/\/desarrollo.grupomedios.com\/futbol\/wp-json\/wp\/v2\/comments?post=313749"}],"version-history":[{"count":0,"href":"http:\/\/desarrollo.grupomedios.com\/futbol\/wp-json\/wp\/v2\/posts\/313749\/revisions"}],"wp:featuredmedia":[{"embeddable":true,"href":"http:\/\/desarrollo.grupomedios.com\/futbol\/wp-json\/wp\/v2\/media\/313751"}],"wp:attachment":[{"href":"http:\/\/desarrollo.grupomedios.com\/futbol\/wp-json\/wp\/v2\/media?parent=313749"}],"wp:term":[{"taxonomy":"category","embeddable":true,"href":"http:\/\/desarrollo.grupomedios.com\/futbol\/wp-json\/wp\/v2\/categories?post=313749"},{"taxonomy":"post_tag","embeddable":true,"href":"http:\/\/desarrollo.grupomedios.com\/futbol\/wp-json\/wp\/v2\/tags?post=313749"}],"curies":[{"name":"wp","href":"https:\/\/api.w.org\/{rel}","templated":true}]}}