{"id":313754,"date":"2015-09-19T10:40:19","date_gmt":"2015-09-19T15:40:19","guid":{"rendered":"http:\/\/futboltotal.com.mx\/?p=313754"},"modified":"2015-09-19T10:40:38","modified_gmt":"2015-09-19T15:40:38","slug":"wenger-califica-a-diego-costa-como-asqueroso","status":"publish","type":"post","link":"http:\/\/desarrollo.grupomedios.com\/futbol\/futbol-internacional\/wenger-califica-a-diego-costa-como-asqueroso\/2015\/09","title":{"rendered":"Wenger calific\u00f3 a Diego Costa de personaje asqueroso"},"content":{"rendered":"<p><strong>Arsene Wenger<\/strong> sali\u00f3 disgustado por la derrota en el Chelsea-Arsenal. Pero esa furia se multiplic\u00f3 en su cr\u00edtica alsilbante por no haber expulsado a Diego Costa y s\u00ed a Gabriel Paulista despu\u00e9s del manotazo del delantero del Chelsea a Koscienly. <\/p>\n<p>&#8220;No me gustar\u00eda ser Mike Dean esta noche (el \u00e1rbitro del encuentro). Diego Costa debi\u00f3 ser expulsado en dos ocasiones. Le golpea (a Koscielny) en la cara a prop\u00f3sito. <strong>En cada partido provoca y se sale con la suya por la debilidad del \u00e1rbitro. Lo sab\u00edamos antes de este partido, solo piensa en eso. Su comportamiento ha sido asqueroso e irrespetuoso&#8221;<\/strong>, indic\u00f3 Wenger.<\/p>\n<p>&#8220;Gabriel no debi\u00f3 responder a eso, pero triste que tuvieramos dos expulsiones y Diego Costa continuara en el campo&#8221;, valor\u00f3 sobre la expulsi\u00f3n de su jugador, a la que se a\u00f1adi\u00f3 posteriormente la de Santi Cazorla.<\/p>\n<p>Jos\u00e9 Mourinho, en cambio, no quiso entrar en pol\u00e9micas. El entrenador del Chelsea fue claro cuando le preguntaron por su atacante y por la acci\u00f3n m\u00e1s discutible del encuentro: &#8220;No tengo un punto de vista sobre la expulsi\u00f3n. El hombre del partido fue Diego Costa&#8221;, aclar\u00f3 un Mou enf\u00e1tico. <\/p>\n<p>Por cierto, el reencuentro entre ambos t\u00e9cnicos cont\u00f3 con un momento at\u00edpico, con un <a href=\"http:\/\/futboltotal.com.mx\/2015\/09\/el-extrano-saludo-entre-mourinho-y-wenger\/\">estrech\u00f3n de manos muy extra\u00f1o previo al encuentro<\/a>. <\/p>\n<p><iframe loading=\"lazy\" src=\"https:\/\/www.youtube.com\/embed\/1Ut28blucnk\" frameborder=\"0\" allowfullscreen><\/iframe><\/p>\n","protected":false},"excerpt":{"rendered":"<p>Una vez m\u00e1s el delantero del Chelsea hizo de las suyas y provoc\u00f3 la furia del estratega <\/p>\n","protected":false},"author":20,"featured_media":313755,"comment_status":"open","ping_status":"open","sticky":false,"template":"","format":"standard","meta":[],"categories":[3839,5951],"tags":[2177,3205],"_links":{"self":[{"href":"http:\/\/desarrollo.grupomedios.com\/futbol\/wp-json\/wp\/v2\/posts\/313754"}],"collection":[{"href":"http:\/\/desarrollo.grupomedios.com\/futbol\/wp-json\/wp\/v2\/posts"}],"about":[{"href":"http:\/\/desarrollo.grupomedios.com\/futbol\/wp-json\/wp\/v2\/types\/post"}],"author":[{"embeddable":true,"href":"http:\/\/desarrollo.grupomedios.com\/futbol\/wp-json\/wp\/v2\/users\/20"}],"replies":[{"embeddable":true,"href":"http:\/\/desarrollo.grupomedios.com\/futbol\/wp-json\/wp\/v2\/comments?post=313754"}],"version-history":[{"count":0,"href":"http:\/\/desarrollo.grupomedios.com\/futbol\/wp-json\/wp\/v2\/posts\/313754\/revisions"}],"wp:featuredmedia":[{"embeddable":true,"href":"http:\/\/desarrollo.grupomedios.com\/futbol\/wp-json\/wp\/v2\/media\/313755"}],"wp:attachment":[{"href":"http:\/\/desarrollo.grupomedios.com\/futbol\/wp-json\/wp\/v2\/media?parent=313754"}],"wp:term":[{"taxonomy":"category","embeddable":true,"href":"http:\/\/desarrollo.grupomedios.com\/futbol\/wp-json\/wp\/v2\/categories?post=313754"},{"taxonomy":"post_tag","embeddable":true,"href":"http:\/\/desarrollo.grupomedios.com\/futbol\/wp-json\/wp\/v2\/tags?post=313754"}],"curies":[{"name":"wp","href":"https:\/\/api.w.org\/{rel}","templated":true}]}}