{"id":313766,"date":"2015-09-19T12:32:39","date_gmt":"2015-09-19T17:32:39","guid":{"rendered":"http:\/\/futboltotal.com.mx\/?p=313766"},"modified":"2015-09-19T13:54:13","modified_gmt":"2015-09-19T18:54:13","slug":"bayern-munich-gana-con-un-misil-de-arturo-vidal","status":"publish","type":"post","link":"http:\/\/desarrollo.grupomedios.com\/futbol\/futbol-internacional\/bayern-munich-gana-con-un-misil-de-arturo-vidal\/2015\/09","title":{"rendered":"Bayern Munich gana con un misil de Arturo Vidal"},"content":{"rendered":"<p><strong>Bayern Munich<\/strong> gan\u00f3 hoy al reci\u00e9n ascendido Darmstadt 3-0 y se situ\u00f3 como <strong>l\u00edder provisional de la clasificaci\u00f3n <\/strong>en la quinta fecha de la Bundesliga, a la espera del duelo que cierra la jornada entre Borussia Dortmund y Bayer Leverkusen.<\/p>\n<p>El equipo del espa\u00f1ol Josep Guardiola cumpli\u00f3 con lo previsto en su visita y sum\u00f3 su quinta victoria consecutiva en la Bundesliga gracias a los tantos del chileno Arturo Vidal (20&#8242;), del franc\u00e9s Kingsley Coman (62&#8242;) y del alem\u00e1n Sebastian Rode (63&#8242;). Con la victoria arrib\u00f3 a los 15 puntos.<\/p>\n<p>Con la vista puesta en el esperado partido del martes ante el Wolfsburgo, uno de sus principales rivales en Liga y que hoy gan\u00f3 2-0 ante el Hertha, Guardiola decidi\u00f3 rotar a sus jugadores. Xabi Alonso, Thomas M\u00fcller y Philipp Lahm siguieron el inicio del encuentro desde el banquillo y Robert Lewandowski no viaj\u00f3 con el equipo. Mientras, el joven franc\u00e9s Kingsley Coman, Joshua Kimmich y Sebastian Rode saltaron en el once titular junto al delantero Mario G\u00f6tze.<\/p>\n<p>El modesto Darmstadt recibi\u00f3 al Bayern con la cabeza bien alta, invicto tras cuatro partidos de liga y con una victoria de 1-0 ante el Bayer Leverkusen. Sin embargo, los b\u00e1varos no tuvieron piedad y llo vapulearon sin complicacions. El festival lo inaugur\u00f3 Arturo Vidal tras pase de Costa. Es su primer tanto en la Bundesliga desde que cambi\u00f3 esta temporada la Juventus de Tur\u00edn por el campe\u00f3n alem\u00e1n y <strong>lo hizo apoyado del poste, precedido de un bombazo<\/strong>.<\/p>\n<p>Hubo que esperar a la segunda parte para ver el resto de goles. Coman anot\u00f3 su primer tanto con el Bayern Munich el minuto 62 tras pase de Rode. Un minuto despu\u00e9s, Rode anot\u00f3 el tercer y \u00faltimo gol del encuentro tras una asistencia del brasile\u00f1o Costa, que volvi\u00f3 a dejar patente su gran visi\u00f3n de juego y el importante papel que juega en el equipo de Guardiola tras su fichaje esta temporada procedente del club ucraniano Shakhtar Donetsk.<\/p>\n<p><iframe loading=\"lazy\" src=\"https:\/\/www.youtube.com\/embed\/bSQOtV3EQnQ\" frameborder=\"0\" allowfullscreen=\"allowfullscreen\"><\/iframe><\/p>\n","protected":false},"excerpt":{"rendered":"<p>Con un cuadro alternativo le rob\u00f3 el invicto al reci\u00e9n ascendido Darmstadt<\/p>\n","protected":false},"author":20,"featured_media":313767,"comment_status":"open","ping_status":"open","sticky":false,"template":"","format":"standard","meta":[],"categories":[3839,5951],"tags":[2962,2056],"_links":{"self":[{"href":"http:\/\/desarrollo.grupomedios.com\/futbol\/wp-json\/wp\/v2\/posts\/313766"}],"collection":[{"href":"http:\/\/desarrollo.grupomedios.com\/futbol\/wp-json\/wp\/v2\/posts"}],"about":[{"href":"http:\/\/desarrollo.grupomedios.com\/futbol\/wp-json\/wp\/v2\/types\/post"}],"author":[{"embeddable":true,"href":"http:\/\/desarrollo.grupomedios.com\/futbol\/wp-json\/wp\/v2\/users\/20"}],"replies":[{"embeddable":true,"href":"http:\/\/desarrollo.grupomedios.com\/futbol\/wp-json\/wp\/v2\/comments?post=313766"}],"version-history":[{"count":0,"href":"http:\/\/desarrollo.grupomedios.com\/futbol\/wp-json\/wp\/v2\/posts\/313766\/revisions"}],"wp:featuredmedia":[{"embeddable":true,"href":"http:\/\/desarrollo.grupomedios.com\/futbol\/wp-json\/wp\/v2\/media\/313767"}],"wp:attachment":[{"href":"http:\/\/desarrollo.grupomedios.com\/futbol\/wp-json\/wp\/v2\/media?parent=313766"}],"wp:term":[{"taxonomy":"category","embeddable":true,"href":"http:\/\/desarrollo.grupomedios.com\/futbol\/wp-json\/wp\/v2\/categories?post=313766"},{"taxonomy":"post_tag","embeddable":true,"href":"http:\/\/desarrollo.grupomedios.com\/futbol\/wp-json\/wp\/v2\/tags?post=313766"}],"curies":[{"name":"wp","href":"https:\/\/api.w.org\/{rel}","templated":true}]}}