{"id":313771,"date":"2015-09-19T13:25:55","date_gmt":"2015-09-19T18:25:55","guid":{"rendered":"http:\/\/futboltotal.com.mx\/?p=313771"},"modified":"2015-09-19T13:26:05","modified_gmt":"2015-09-19T18:26:05","slug":"keylor-navas-hizo-historia-con-el-real-madrid","status":"publish","type":"post","link":"http:\/\/desarrollo.grupomedios.com\/futbol\/futbol-internacional\/keylor-navas-hizo-historia-con-el-real-madrid\/2015\/09","title":{"rendered":"Keylor Navas hizo historia con el Real Madrid"},"content":{"rendered":"<p>Tantas disputas por quien ser\u00eda el portero del <strong>Real Madrid<\/strong> y finalmente despu\u00e9s de la novela interminable, <strong>Keylor Navas<\/strong> pas\u00f3 de estar con pie y medio en Old Trafford a convertirse en un hist\u00f3rico para la instituci\u00f3n. El guardi\u00e1n tico igual\u00f3 este s\u00e1bado el mejor arranque de un portero madridista en Liga en lo refrente a patrtidos sin permitir gol. Un hito que databa de la campa\u00f1a 1975-76 cuando Miguel \u00c1ngel se fue imbatido contra Racing (2-0), Oviedo (0-0), H\u00e9rcules (4-0) y Betis (0-2).<\/p>\n<p>Tras la novedad hist\u00f3rica, el guardameta costarricense habl\u00f3 sobre lo complicado que fue el mantener la concentraci\u00f3n e indic\u00f3 que ahora solo piensa en el club blanco despu\u00e9s de pasar momentos de incertidumbre.<\/p>\n<p>&#8220;Desde que llegu\u00e9 aqu\u00ed nunca pens\u00e9 en irme. Siempre quise quedarme en el Madrid. Espero que no haya lesiones y pueda estar muchos a\u00f1os. Fue un momento complicado para m\u00ed. Desde que firm\u00e9 mi contrato con el Madrid lo \u00fanico que pas\u00f3 por mi cabeza fue titular aqu\u00ed y darlo todo. Estoy contento con estar aqu\u00ed y quiero seguir por la misma l\u00ednea&#8221;, relat\u00f3 Keylor Navas. <\/p>\n<p>&#8220;Tuve la oportunidad de quedarme donde quer\u00eda y voy a dar todo para quedarme. Con mi trabajo quiero mejorar siempre. Fue complicado porque uno sabe que es una situaci\u00f3n que no es c\u00f3moda. Para m\u00ed eso ya pas\u00f3 y trato de centrarme en el presente, lo \u00fanico que importa&#8221;, coment\u00f3.<\/p>\n<p>Adem\u00e1s, afirm\u00f3 que cuenta con toda la confianza del cuerpo t\u00e9cnico para jugar, algo que es lo que &#8220;quer\u00eda&#8221; y declar\u00f3 que tratar\u00e1 de esforzarse y de trabajar para seguir contando para Rafael Ben\u00edtez.<\/p>\n<p>&#8220;Voy a ir paso a paso. Uno tiene que tener tranquilidad. En la vida no hay que volverse loco, hay que estar con los pies en la tierra y saber que el trabajo diario tiene que servir para seguir arriba. Voy a darlo todo para seguir siendo titular&#8221;, se\u00f1al\u00f3 al finalizar el cotejo Navas. <\/p>\n","protected":false},"excerpt":{"rendered":"<p>El guardi\u00e1n tico estuvo a punto de abandonar la entidad merengue <\/p>\n","protected":false},"author":20,"featured_media":313772,"comment_status":"open","ping_status":"open","sticky":false,"template":"","format":"standard","meta":[],"categories":[3839,3844,5951],"tags":[5590,5988],"_links":{"self":[{"href":"http:\/\/desarrollo.grupomedios.com\/futbol\/wp-json\/wp\/v2\/posts\/313771"}],"collection":[{"href":"http:\/\/desarrollo.grupomedios.com\/futbol\/wp-json\/wp\/v2\/posts"}],"about":[{"href":"http:\/\/desarrollo.grupomedios.com\/futbol\/wp-json\/wp\/v2\/types\/post"}],"author":[{"embeddable":true,"href":"http:\/\/desarrollo.grupomedios.com\/futbol\/wp-json\/wp\/v2\/users\/20"}],"replies":[{"embeddable":true,"href":"http:\/\/desarrollo.grupomedios.com\/futbol\/wp-json\/wp\/v2\/comments?post=313771"}],"version-history":[{"count":0,"href":"http:\/\/desarrollo.grupomedios.com\/futbol\/wp-json\/wp\/v2\/posts\/313771\/revisions"}],"wp:featuredmedia":[{"embeddable":true,"href":"http:\/\/desarrollo.grupomedios.com\/futbol\/wp-json\/wp\/v2\/media\/313772"}],"wp:attachment":[{"href":"http:\/\/desarrollo.grupomedios.com\/futbol\/wp-json\/wp\/v2\/media?parent=313771"}],"wp:term":[{"taxonomy":"category","embeddable":true,"href":"http:\/\/desarrollo.grupomedios.com\/futbol\/wp-json\/wp\/v2\/categories?post=313771"},{"taxonomy":"post_tag","embeddable":true,"href":"http:\/\/desarrollo.grupomedios.com\/futbol\/wp-json\/wp\/v2\/tags?post=313771"}],"curies":[{"name":"wp","href":"https:\/\/api.w.org\/{rel}","templated":true}]}}