{"id":314336,"date":"2015-09-20T17:11:43","date_gmt":"2015-09-20T22:11:43","guid":{"rendered":"http:\/\/futboltotal.com.mx\/?p=314336"},"modified":"2015-09-20T17:12:11","modified_gmt":"2015-09-20T22:12:11","slug":"otra-pifia-de-ter-stegen-con-el-barcelona","status":"publish","type":"post","link":"http:\/\/desarrollo.grupomedios.com\/futbol\/videos\/otra-pifia-de-ter-stegen-con-el-barcelona\/2015\/09","title":{"rendered":"Otra pifia de Ter Stegen con el Barcelona"},"content":{"rendered":"<p>La pasada temporada el portero alem\u00e1n <strong>Marc-Andr\u00e9 Ter Stegen\u00a0<\/strong>recibi\u00f3 un total de 16 goles en 21 partidos. Para este curso, su desempe\u00f1o ha dejado mucho que desear con el<strong> Barcelona<\/strong>. Nada menos en el partido de hoy ante Levante cometi\u00f3 un pol\u00e9mico fallo despu\u00e9s de no haber despejado de la manera correcta un bal\u00f3n por aire y con ello permiti\u00f3 a\u00a0Casades\u00fas marcar gol.<\/p>\n<p><strong>Ter Stegen<\/strong> se molest\u00f3 consigo mismo y al final el fall\u00f3 no repercuti\u00f3 de manera importante porque el Barcelona venci\u00f3 4-1, pero lo que si qued\u00f3 afectado fueron sus credenciales con el Barcelona. Y es que ese gol fue el n\u00famero 11 de la temporada en solo cinco cotejos, por lo que los bonos que ten\u00eda como portero de garant\u00edas han disminuido.<\/p>\n<p>En la Liga 2015-16 <strong>Ter Stegen<\/strong> tuvo que entrar al quite ante la baja del lesionado Claudio Bravo, quien sufre una lesi\u00f3n en el soleo de la pierna izquierda y aun no tiene definida la fecha de regreso. Stegen podr\u00e1 reivindicarse en la doble jornada liguera antes de alistarse para la segunda jornada de la Champions League la pr\u00f3xima semana.<\/p>\n<p><iframe loading=\"lazy\" src=\"https:\/\/www.youtube.com\/embed\/sgbT7WONDlo\" frameborder=\"0\" allowfullscreen=\"allowfullscreen\"><\/iframe><\/p>\n","protected":false},"excerpt":{"rendered":"<p>El portero alem\u00e1n, sustituto de ClaudioBraco,  recibi\u00f3 su gol 11 de la campa\u00f1a ante Levante<\/p>\n","protected":false},"author":20,"featured_media":314371,"comment_status":"open","ping_status":"open","sticky":false,"template":"","format":"standard","meta":[],"categories":[3839,3844,4],"tags":[5984,2933],"_links":{"self":[{"href":"http:\/\/desarrollo.grupomedios.com\/futbol\/wp-json\/wp\/v2\/posts\/314336"}],"collection":[{"href":"http:\/\/desarrollo.grupomedios.com\/futbol\/wp-json\/wp\/v2\/posts"}],"about":[{"href":"http:\/\/desarrollo.grupomedios.com\/futbol\/wp-json\/wp\/v2\/types\/post"}],"author":[{"embeddable":true,"href":"http:\/\/desarrollo.grupomedios.com\/futbol\/wp-json\/wp\/v2\/users\/20"}],"replies":[{"embeddable":true,"href":"http:\/\/desarrollo.grupomedios.com\/futbol\/wp-json\/wp\/v2\/comments?post=314336"}],"version-history":[{"count":0,"href":"http:\/\/desarrollo.grupomedios.com\/futbol\/wp-json\/wp\/v2\/posts\/314336\/revisions"}],"wp:featuredmedia":[{"embeddable":true,"href":"http:\/\/desarrollo.grupomedios.com\/futbol\/wp-json\/wp\/v2\/media\/314371"}],"wp:attachment":[{"href":"http:\/\/desarrollo.grupomedios.com\/futbol\/wp-json\/wp\/v2\/media?parent=314336"}],"wp:term":[{"taxonomy":"category","embeddable":true,"href":"http:\/\/desarrollo.grupomedios.com\/futbol\/wp-json\/wp\/v2\/categories?post=314336"},{"taxonomy":"post_tag","embeddable":true,"href":"http:\/\/desarrollo.grupomedios.com\/futbol\/wp-json\/wp\/v2\/tags?post=314336"}],"curies":[{"name":"wp","href":"https:\/\/api.w.org\/{rel}","templated":true}]}}