{"id":314448,"date":"2015-09-20T19:04:26","date_gmt":"2015-09-21T00:04:26","guid":{"rendered":"http:\/\/futboltotal.com.mx\/?p=314448"},"modified":"2015-09-20T20:44:54","modified_gmt":"2015-09-21T01:44:54","slug":"angel-reyna-regresa-a-chivas-2","status":"publish","type":"post","link":"http:\/\/desarrollo.grupomedios.com\/futbol\/futbol-mexicano\/angel-reyna-regresa-a-chivas-2\/2015\/09","title":{"rendered":"\u00c1ngel Reyna regresa a Chivas"},"content":{"rendered":"<p><strong>\u00c1ngel Reyna<\/strong>\u00a0regresa a\u00a0<strong>Chivas<\/strong>. Seg\u00fan reportan medios de Guadalajara, el jugador reportar\u00e1 el pr\u00f3ximo lunes a los entrenamientos del primer equipo\u00a0<em>rojiblanco<\/em>, luego de ser separado del plantel por motivos de indisciplina.<\/p>\n<p>Tras la expulsi\u00f3n que sufri\u00f3 <strong>Marc\u00f3 Fabi\u00e1n<\/strong> ante Quer\u00e9taro, la versi\u00f3n toma fuerza y todo indica que el <a href=\"http:\/\/futboltotal.com.mx\/equipos\/guadalajara\/\">pol\u00e9mico\u00a0futbolista<\/a> podr\u00e1 ser opci\u00f3n del t\u00e9cnico argentino\u00a0Mat\u00edas Almeyda para el pr\u00f3ximo duelo del <em>Reba\u00f1o<\/em>, el pr\u00f3ximo s\u00e1bado\u00a0el <strong>Am\u00e9rica<\/strong>, dentro de la <a href=\"http:\/\/futboltotal.com.mx\/resultados\/resultados-liga-mx\/?j=10\">jornada 10 del Apertura 2015<\/a>.<\/p>\n<p>Y aunque el inminente regreso de\u00a0<strong>\u00c1ngel Reyna<\/strong>\u00a0a las\u00a0<a href=\"http:\/\/futboltotal.com.mx\/equipos\/guadalajara\/\"><strong>Chivas<\/strong>\u00a0del Guadalajara<\/a>\u00a0a\u00fan no se oficializa,\u00a0el rumor aumenta ante el incierto panorama que vive el equipo tapat\u00edo, que este domingo sum\u00f3 un importante triunfo ante los <em>Gallos Blancos<\/em>, en la presentaci\u00f3n de Mat\u00edas Almeyda como entrenador\u00a0del <em>Reba\u00f1o<\/em>.<\/p>\n<p style=\"text-align: center;\"><span style=\"color: #3366ff;\"><strong><a style=\"color: #3366ff;\" href=\"http:\/\/futboltotal.com.mx\/2015\/09\/marco-fabian-se-perdera-el-clasico-nacional\/\">Marco Fabi\u00e1n se perder\u00e1 el Cl\u00e1sico Nacional<\/a><\/strong><\/span><\/p>\n<p>Adem\u00e1s, habr\u00e1 que destacar que\u00a0<strong>\u00c1ngel Reyna<\/strong>, a quien le queda un a\u00f1o de contrato con el cuadro de Guadalajara, presenci\u00f3 el triunfo de las <strong>Chivas<\/strong> sobre <em>Gallos<\/em> desde el palco de la directiva <em>rojiblanca<\/em>, donde estuvo acompa\u00f1ado por el due\u00f1o del Reba\u00f1o, Jorge Vergara. Tal situaci\u00f3n, parece validar su inminente vuelta al primer equipo.<\/p>\n<blockquote class=\"twitter-tweet\" lang=\"es\">\n<p lang=\"es\" dir=\"ltr\">Buena tarde de triunfo gracias al esfuerzo de todos! Aqu\u00ed con JV, Compa\u00f1eros y afici\u00f3n <a href=\"https:\/\/twitter.com\/hashtag\/NoTeRajes?src=hash\">#NoTeRajes<\/a> <a href=\"http:\/\/t.co\/xF3Sv0Kt5i\">pic.twitter.com\/xF3Sv0Kt5i<\/a><\/p>\n<p>&mdash; Angel Reyna (@AngelReynaFut) <a href=\"https:\/\/twitter.com\/AngelReynaFut\/status\/645771461370642432\">septiembre 21, 2015<\/a><\/p><\/blockquote>\n<p> <script async src=\"\/\/platform.twitter.com\/widgets.js\" charset=\"utf-8\"><\/script><\/p>\n<p>En ese sentido, cabe recordar que el pasado 21 de agosto, el ex t\u00e9cnico del <em>Reba\u00f1o<\/em>, Jos\u00e9 Manuel de la Torre,\u00a0separ\u00f3 del equipo al mediocampista, decisi\u00f3n que respald\u00f3 su hermano N\u00e9stor como presidente.\u00a0<strong>\u00c1ngel Reyna<\/strong>\u00a0fue enviado a entrenar con la Tercera Divisi\u00f3n, pero el jugador nunca se present\u00f3 con la filial en San Rafael, resignado a buscar equipo en diciembre.<\/p>\n","protected":false},"excerpt":{"rendered":"<p>El jugador reportar\u00e1 este lunes a los entrenamientos del primer equipo<\/p>\n","protected":false},"author":20,"featured_media":314463,"comment_status":"open","ping_status":"open","sticky":false,"template":"","format":"standard","meta":[],"categories":[2198,3845],"tags":[1659,70],"_links":{"self":[{"href":"http:\/\/desarrollo.grupomedios.com\/futbol\/wp-json\/wp\/v2\/posts\/314448"}],"collection":[{"href":"http:\/\/desarrollo.grupomedios.com\/futbol\/wp-json\/wp\/v2\/posts"}],"about":[{"href":"http:\/\/desarrollo.grupomedios.com\/futbol\/wp-json\/wp\/v2\/types\/post"}],"author":[{"embeddable":true,"href":"http:\/\/desarrollo.grupomedios.com\/futbol\/wp-json\/wp\/v2\/users\/20"}],"replies":[{"embeddable":true,"href":"http:\/\/desarrollo.grupomedios.com\/futbol\/wp-json\/wp\/v2\/comments?post=314448"}],"version-history":[{"count":0,"href":"http:\/\/desarrollo.grupomedios.com\/futbol\/wp-json\/wp\/v2\/posts\/314448\/revisions"}],"wp:featuredmedia":[{"embeddable":true,"href":"http:\/\/desarrollo.grupomedios.com\/futbol\/wp-json\/wp\/v2\/media\/314463"}],"wp:attachment":[{"href":"http:\/\/desarrollo.grupomedios.com\/futbol\/wp-json\/wp\/v2\/media?parent=314448"}],"wp:term":[{"taxonomy":"category","embeddable":true,"href":"http:\/\/desarrollo.grupomedios.com\/futbol\/wp-json\/wp\/v2\/categories?post=314448"},{"taxonomy":"post_tag","embeddable":true,"href":"http:\/\/desarrollo.grupomedios.com\/futbol\/wp-json\/wp\/v2\/tags?post=314448"}],"curies":[{"name":"wp","href":"https:\/\/api.w.org\/{rel}","templated":true}]}}