{"id":314608,"date":"2015-09-21T12:01:59","date_gmt":"2015-09-21T17:01:59","guid":{"rendered":"http:\/\/futboltotal.com.mx\/?p=314608"},"modified":"2015-09-21T12:03:04","modified_gmt":"2015-09-21T17:03:04","slug":"los-10-mejores-cobradores-de-tiros-libres-en-fifa-16","status":"publish","type":"post","link":"http:\/\/desarrollo.grupomedios.com\/futbol\/cambio-de-juego\/los-10-mejores-cobradores-de-tiros-libres-en-fifa-16\/2015\/09","title":{"rendered":"Los 10 mejores cobradores de tiros libres en FIFA 16"},"content":{"rendered":"<p>La t\u00e1ctica fija en la actualidad es primordial para lograr goles en el futbol. Esa premisa se traslada inclusive a los videojuegos, donde siempre ser\u00e1 imprescindible contar con un especialista. A un d\u00eda de que uno de los videojuegos m\u00e1s esperados salga al mercado, te presentamos a <strong>los\u00a010 mejores cobradores de tiros libres en FIFA 16<\/strong>.<\/p>\n<p>En el cat\u00e1logo se muestran desde futbolistas \u00fanicos y con gran bagaje internacional casos Andrea Pirlo y Juan Arango, hasta hombres que se hacen de un lugar en las conversaciones por su excelso golpeo de la esf\u00e9rica como Marco Reus y Hakan Calhanoglu, inclusive algunos futbolistas que se hacen un hueco con su contacto con el bal\u00f3n como su principal arma, situaci\u00f3n de Mehmet Ekici y Rasmus Elm, un tanto desconocidos aunque en un futuro, dejar\u00e1n de serlo.<\/p>\n<p>Sin embargo, lo m\u00e1s sorprendente del listado es que siendo Lionel Messi ubicado como el mejor casi en cualquier rengl\u00f3n referente al balompi\u00e9, en este compilado no es parte del podio seg\u00fan F<strong>IFA 16<\/strong>.<\/p>\n<p><strong>10\u00b0 Marco Reus<\/strong> <a href=\"http:\/\/futboltotal.com.mx\/wp-content\/uploads\/2015\/09\/Reus.jpg\"><img decoding=\"async\" loading=\"lazy\" class=\"alignnone size-full wp-image-314611\" src=\"http:\/\/futboltotal.com.mx\/wp-content\/uploads\/2015\/09\/Reus.jpg\" alt=\"Reus\" srcset=\"http:\/\/desarrollo.grupomedios.com\/futbol\/wp-content\/uploads\/2015\/09\/Reus.jpg 850w, http:\/\/desarrollo.grupomedios.com\/futbol\/wp-content\/uploads\/2015\/09\/Reus-300x178.jpg 300w\" sizes=\"(max-width: 850px) 100vw, 850px\" \/><\/a><\/p>\n<p><strong>9\u00b0 Alban Meha<\/strong> <a href=\"http:\/\/futboltotal.com.mx\/wp-content\/uploads\/2015\/09\/Meha.jpg\"><img decoding=\"async\" loading=\"lazy\" class=\"alignnone size-full wp-image-314612\" src=\"http:\/\/futboltotal.com.mx\/wp-content\/uploads\/2015\/09\/Meha.jpg\" alt=\"Meha\" srcset=\"http:\/\/desarrollo.grupomedios.com\/futbol\/wp-content\/uploads\/2015\/09\/Meha.jpg 850w, http:\/\/desarrollo.grupomedios.com\/futbol\/wp-content\/uploads\/2015\/09\/Meha-300x178.jpg 300w\" sizes=\"(max-width: 850px) 100vw, 850px\" \/><\/a><\/p>\n<p><strong>8\u00b0 Mehmet Ekici<\/strong> <a href=\"http:\/\/futboltotal.com.mx\/wp-content\/uploads\/2015\/09\/Ekici.jpg\"><img decoding=\"async\" loading=\"lazy\" class=\"alignnone size-full wp-image-314613\" src=\"http:\/\/futboltotal.com.mx\/wp-content\/uploads\/2015\/09\/Ekici.jpg\" alt=\"Ekici\" srcset=\"http:\/\/desarrollo.grupomedios.com\/futbol\/wp-content\/uploads\/2015\/09\/Ekici.jpg 850w, http:\/\/desarrollo.grupomedios.com\/futbol\/wp-content\/uploads\/2015\/09\/Ekici-300x178.jpg 300w\" sizes=\"(max-width: 850px) 100vw, 850px\" \/><\/a><\/p>\n<p><strong>7\u00b0 Rasmus Elm <\/strong><a href=\"http:\/\/futboltotal.com.mx\/wp-content\/uploads\/2015\/09\/Elm.jpg\"><img decoding=\"async\" loading=\"lazy\" class=\"alignnone size-full wp-image-314614\" src=\"http:\/\/futboltotal.com.mx\/wp-content\/uploads\/2015\/09\/Elm.jpg\" alt=\"Elm\" srcset=\"http:\/\/desarrollo.grupomedios.com\/futbol\/wp-content\/uploads\/2015\/09\/Elm.jpg 850w, http:\/\/desarrollo.grupomedios.com\/futbol\/wp-content\/uploads\/2015\/09\/Elm-300x178.jpg 300w\" sizes=\"(max-width: 850px) 100vw, 850px\" \/><\/a><\/p>\n<p><strong>6\u00b0 Memphis Depay<\/strong> <a href=\"http:\/\/futboltotal.com.mx\/wp-content\/uploads\/2015\/09\/Depay2.jpg\"><img decoding=\"async\" loading=\"lazy\" class=\"alignnone size-full wp-image-314615\" src=\"http:\/\/futboltotal.com.mx\/wp-content\/uploads\/2015\/09\/Depay2.jpg\" alt=\"Depay\" srcset=\"http:\/\/desarrollo.grupomedios.com\/futbol\/wp-content\/uploads\/2015\/09\/Depay2.jpg 850w, http:\/\/desarrollo.grupomedios.com\/futbol\/wp-content\/uploads\/2015\/09\/Depay2-300x178.jpg 300w\" sizes=\"(max-width: 850px) 100vw, 850px\" \/><\/a><\/p>\n<p><strong>5\u00b0Lionel Messi<\/strong> <a href=\"http:\/\/futboltotal.com.mx\/wp-content\/uploads\/2015\/09\/Messi-w.jpg\"><img decoding=\"async\" loading=\"lazy\" class=\"alignnone size-full wp-image-314616\" src=\"http:\/\/futboltotal.com.mx\/wp-content\/uploads\/2015\/09\/Messi-w.jpg\" alt=\"Messi w\" srcset=\"http:\/\/desarrollo.grupomedios.com\/futbol\/wp-content\/uploads\/2015\/09\/Messi-w.jpg 850w, http:\/\/desarrollo.grupomedios.com\/futbol\/wp-content\/uploads\/2015\/09\/Messi-w-300x178.jpg 300w\" sizes=\"(max-width: 850px) 100vw, 850px\" \/><\/a><\/p>\n<p><strong>4\u00b0 Juan Arango<\/strong> <a href=\"http:\/\/futboltotal.com.mx\/wp-content\/uploads\/2015\/09\/Juan-Arango.jpg\"><img decoding=\"async\" loading=\"lazy\" class=\"alignnone size-full wp-image-314617\" src=\"http:\/\/futboltotal.com.mx\/wp-content\/uploads\/2015\/09\/Juan-Arango.jpg\" alt=\"Juan Arango\" srcset=\"http:\/\/desarrollo.grupomedios.com\/futbol\/wp-content\/uploads\/2015\/09\/Juan-Arango.jpg 850w, http:\/\/desarrollo.grupomedios.com\/futbol\/wp-content\/uploads\/2015\/09\/Juan-Arango-300x178.jpg 300w\" sizes=\"(max-width: 850px) 100vw, 850px\" \/><\/a><\/p>\n<p><strong>3\u00b0 Zlatko Junuzovic<\/strong> <a href=\"http:\/\/futboltotal.com.mx\/wp-content\/uploads\/2015\/09\/Zlatko.jpg\"><img decoding=\"async\" loading=\"lazy\" class=\"alignnone size-full wp-image-314618\" src=\"http:\/\/futboltotal.com.mx\/wp-content\/uploads\/2015\/09\/Zlatko.jpg\" alt=\"Zlatko\" srcset=\"http:\/\/desarrollo.grupomedios.com\/futbol\/wp-content\/uploads\/2015\/09\/Zlatko.jpg 850w, http:\/\/desarrollo.grupomedios.com\/futbol\/wp-content\/uploads\/2015\/09\/Zlatko-300x178.jpg 300w\" sizes=\"(max-width: 850px) 100vw, 850px\" \/><\/a><\/p>\n<p><strong>2\u00b0 Andrea Pirlo<\/strong> <a href=\"http:\/\/futboltotal.com.mx\/wp-content\/uploads\/2015\/09\/Pirlo1.jpg\"><img decoding=\"async\" loading=\"lazy\" class=\"alignnone size-full wp-image-314619\" src=\"http:\/\/futboltotal.com.mx\/wp-content\/uploads\/2015\/09\/Pirlo1.jpg\" alt=\"Pirlo\" srcset=\"http:\/\/desarrollo.grupomedios.com\/futbol\/wp-content\/uploads\/2015\/09\/Pirlo1.jpg 850w, http:\/\/desarrollo.grupomedios.com\/futbol\/wp-content\/uploads\/2015\/09\/Pirlo1-300x178.jpg 300w\" sizes=\"(max-width: 850px) 100vw, 850px\" \/><\/a><\/p>\n<p><strong>1\u00b0 Hakan Calhanoglu<\/strong> <a href=\"http:\/\/futboltotal.com.mx\/wp-content\/uploads\/2015\/09\/Hakan1.jpg\"><img decoding=\"async\" loading=\"lazy\" class=\"alignnone size-full wp-image-314620\" src=\"http:\/\/futboltotal.com.mx\/wp-content\/uploads\/2015\/09\/Hakan1.jpg\" alt=\"Hakan\" srcset=\"http:\/\/desarrollo.grupomedios.com\/futbol\/wp-content\/uploads\/2015\/09\/Hakan1.jpg 850w, http:\/\/desarrollo.grupomedios.com\/futbol\/wp-content\/uploads\/2015\/09\/Hakan1-300x178.jpg 300w\" sizes=\"(max-width: 850px) 100vw, 850px\" \/><\/a><\/p>\n<p><strong>Antes de Zlatan fue Henrik:<\/strong><\/p>\n<p>[video_player]https:\/\/player.vimeo.com\/external\/139748421.hd.mp4?s=23c3f501fc79d26ccfb87e4768ab8379&amp;profile_id=113[\/video_player]<\/p>\n<p><a style=\"color: #ff6600;\" href=\"http:\/\/futboltotal.com.mx\/?s=fifa+16+\">No te pierdas nada sobre el FIFA 16:<\/a><\/p>\n","protected":false},"excerpt":{"rendered":"<p>La franquicia sigue con sus listados sorprendentes; Messi no es el mejor del r\u00e1nking<\/p>\n","protected":false},"author":20,"featured_media":314610,"comment_status":"open","ping_status":"open","sticky":false,"template":"","format":"standard","meta":[],"categories":[5419],"tags":[5545,6144],"_links":{"self":[{"href":"http:\/\/desarrollo.grupomedios.com\/futbol\/wp-json\/wp\/v2\/posts\/314608"}],"collection":[{"href":"http:\/\/desarrollo.grupomedios.com\/futbol\/wp-json\/wp\/v2\/posts"}],"about":[{"href":"http:\/\/desarrollo.grupomedios.com\/futbol\/wp-json\/wp\/v2\/types\/post"}],"author":[{"embeddable":true,"href":"http:\/\/desarrollo.grupomedios.com\/futbol\/wp-json\/wp\/v2\/users\/20"}],"replies":[{"embeddable":true,"href":"http:\/\/desarrollo.grupomedios.com\/futbol\/wp-json\/wp\/v2\/comments?post=314608"}],"version-history":[{"count":0,"href":"http:\/\/desarrollo.grupomedios.com\/futbol\/wp-json\/wp\/v2\/posts\/314608\/revisions"}],"wp:featuredmedia":[{"embeddable":true,"href":"http:\/\/desarrollo.grupomedios.com\/futbol\/wp-json\/wp\/v2\/media\/314610"}],"wp:attachment":[{"href":"http:\/\/desarrollo.grupomedios.com\/futbol\/wp-json\/wp\/v2\/media?parent=314608"}],"wp:term":[{"taxonomy":"category","embeddable":true,"href":"http:\/\/desarrollo.grupomedios.com\/futbol\/wp-json\/wp\/v2\/categories?post=314608"},{"taxonomy":"post_tag","embeddable":true,"href":"http:\/\/desarrollo.grupomedios.com\/futbol\/wp-json\/wp\/v2\/tags?post=314608"}],"curies":[{"name":"wp","href":"https:\/\/api.w.org\/{rel}","templated":true}]}}