{"id":314644,"date":"2015-09-21T15:32:17","date_gmt":"2015-09-21T20:32:17","guid":{"rendered":"http:\/\/futboltotal.com.mx\/?p=314644"},"modified":"2015-09-21T20:39:45","modified_gmt":"2015-09-22T01:39:45","slug":"reyna-no-se-ha-presentado-con-chivas","status":"publish","type":"post","link":"http:\/\/desarrollo.grupomedios.com\/futbol\/futbol-mexicano\/reyna-no-se-ha-presentado-con-chivas\/2015\/09","title":{"rendered":"Reyna no se ha presentado con Chivas"},"content":{"rendered":"<p>Tras el arribo de <strong>Mat\u00edas Almeyda<\/strong> al banquillo de <strong><a href=\"http:\/\/www.futboltotal.com.mx\/equipos\/guadalajara\/\" target=\"_blank\">Chivas<\/a><\/strong>, medios de Guadalajara aseguraban que <strong>\u00c1ngel Reyna<\/strong> <a href=\"http:\/\/futboltotal.com.mx\/2015\/09\/angel-reyna-regresa-a-chivas-2\/\" target=\"_blank\">se reincorporar\u00eda al equipo<\/a> a partir de este lunes 21 de septiembre, para el entrenamiento del equipo rojiblanco.<\/p>\n<p>Sin embargo, durante la primer pr\u00e1ctica de Chivas rumbo al Cl\u00e1sico Nacional contra Am\u00e9rica, <strong>\u00c1ngel Reyna<\/strong> no se present\u00f3, lo que sorprendi\u00f3 a los medios y a la afici\u00f3n, pues se pone en duda el regreso del volante el primer equipo del <em>Reba\u00f1o Sagrado<\/em>.<\/p>\n<p>Lo que es un hecho, es que <strong>\u00c1ngel Reyna<\/strong> sostendr\u00e1 una pl\u00e1tica con Jorge Vergara y Mat\u00edas Almeyda sobre el porvenir del futbolista con las <strong>Chivas<\/strong>; e inclusive, durante la tarde del domingo, mientras el Guadalajara se med\u00eda ante los <em>Gallos<\/em> en el cierre de la jornada, el futbolista comparti\u00f3 una imagen en Twitter donde constataba el respaldo del due\u00f1o del equipo.<\/p>\n<p style=\"text-align: center;\"><span style=\"color: #3366ff;\"><strong><a style=\"color: #3366ff;\" href=\"http:\/\/futboltotal.com.mx\/2015\/09\/5-polemicas-de-angel-reyna\/\" target=\"_blank\">LEER M\u00c1S: Los pleitos de \u00c1ngel Reyna\u00a0<\/a><\/strong><\/span><\/p>\n<p><strong>\u00c1ngel Reyna<\/strong> hab\u00eda sido separado del primer equipo de <strong>Chivas<\/strong> cuando Jos\u00e9 Manuel de la Torre estaba al mando del club,\u00a0por ello se especul\u00f3 que regresar\u00eda tras la llegada de Mat\u00edas Almeyda. El volante estuvo\u00a0<a href=\"http:\/\/futboltotal.com.mx\/2015\/08\/angel-reyna-deja-plantada-a-filial-de-chivas\/\" target=\"_blank\">en recuperaci\u00f3n en una cl\u00ednica<\/a> del m\u00e9dico del club, Rafael Ortega, por lo que no se sabe si su ausencia se deba a su rehabilitaci\u00f3n.<\/p>\n<p>[video_player]https:\/\/player.vimeo.com\/external\/139961358.hd.mp4?s=82e6a1af60960a2772db4fb6519a4b98&amp;profile_id=113[\/video_player]<\/p>\n","protected":false},"excerpt":{"rendered":"<p>El futbolista no apareci\u00f3 en el entrenamiento rojiblanco del lunes<\/p>\n","protected":false},"author":20,"featured_media":304136,"comment_status":"open","ping_status":"open","sticky":false,"template":"","format":"standard","meta":[],"categories":[2198,3845,5950],"tags":[1659,70],"_links":{"self":[{"href":"http:\/\/desarrollo.grupomedios.com\/futbol\/wp-json\/wp\/v2\/posts\/314644"}],"collection":[{"href":"http:\/\/desarrollo.grupomedios.com\/futbol\/wp-json\/wp\/v2\/posts"}],"about":[{"href":"http:\/\/desarrollo.grupomedios.com\/futbol\/wp-json\/wp\/v2\/types\/post"}],"author":[{"embeddable":true,"href":"http:\/\/desarrollo.grupomedios.com\/futbol\/wp-json\/wp\/v2\/users\/20"}],"replies":[{"embeddable":true,"href":"http:\/\/desarrollo.grupomedios.com\/futbol\/wp-json\/wp\/v2\/comments?post=314644"}],"version-history":[{"count":0,"href":"http:\/\/desarrollo.grupomedios.com\/futbol\/wp-json\/wp\/v2\/posts\/314644\/revisions"}],"wp:featuredmedia":[{"embeddable":true,"href":"http:\/\/desarrollo.grupomedios.com\/futbol\/wp-json\/wp\/v2\/media\/304136"}],"wp:attachment":[{"href":"http:\/\/desarrollo.grupomedios.com\/futbol\/wp-json\/wp\/v2\/media?parent=314644"}],"wp:term":[{"taxonomy":"category","embeddable":true,"href":"http:\/\/desarrollo.grupomedios.com\/futbol\/wp-json\/wp\/v2\/categories?post=314644"},{"taxonomy":"post_tag","embeddable":true,"href":"http:\/\/desarrollo.grupomedios.com\/futbol\/wp-json\/wp\/v2\/tags?post=314644"}],"curies":[{"name":"wp","href":"https:\/\/api.w.org\/{rel}","templated":true}]}}