{"id":314683,"date":"2015-09-22T08:45:10","date_gmt":"2015-09-22T13:45:10","guid":{"rendered":"http:\/\/futboltotal.com.mx\/?p=314683"},"modified":"2015-10-16T13:09:14","modified_gmt":"2015-10-16T18:09:14","slug":"carlos-vela-abre-jornada-crucial-para-mexicanos-en-europa","status":"publish","type":"post","link":"http:\/\/desarrollo.grupomedios.com\/futbol\/futbol-internacional\/carlos-vela-abre-jornada-crucial-para-mexicanos-en-europa\/2015\/09","title":{"rendered":"Vela abre jornada clave para mexicanos en Europa"},"content":{"rendered":"<p>Ser\u00e1 una jornada distinta en el <em>Viejo Continente<\/em> pues las ligas m\u00e1s importantes contar\u00e1n con fechas dobles y varios mexicanos contar\u00e1n con participaci\u00f3n.<\/p>\n<p>Las hostilidades inician este martes con el duelo que protagonizar\u00e1n la Real Sociedad, donde militan Diego Reyes y <strong>Carlos Vela<\/strong>, ante el Granada. Para el mi\u00e9rcoles tambi\u00e9n salta a escena<strong> Javier Chicharito Hern\u00e1ndez <\/strong>con el <strong>Bayer Leverkusen<\/strong>, que cerrar\u00e1 con su partido ante el Mainz la actividad de los aztecas en Europa<strong>.\u00a0<\/strong><\/p>\n<p><strong>Granada vs Real Sociedad (Martes 22 de septiembre | 516 de Sky | 15:00 TCM)<\/strong><\/p>\n<p>Los dirigidos por David Moyes visitan \u00a0el\u00a0Estadio Los C\u00e1rmenes en busca de su primer triunfo en la Liga Espa\u00f1ola. El rival, parecer\u00eda a modo para alejarse de tajo de la mala racha pero eso est\u00e1 muy alejado de la realidad. El s\u00e1bado anterior el poderoso Real Madrid sufri\u00f3 para llevarse la victoria en el Santiago Bernab\u00e9u ante <span style=\"color: #3366ff;\"><a style=\"color: #3366ff;\" href=\"http:\/\/futboltotal.com.mx\/2015\/09\/real-madrid-gano-con-colaboracion-del-silbante\/\">un Granada que por momentos deslumbr\u00f3<\/a><\/span> y si se llev\u00f3 una derrota fue en gran medida por el \u00e1rbitro.<\/p>\n<p>La Real Sociedad sufri\u00f3 en principio para encontrar el gol y el s\u00e1bado, con dos tantos en el marcador, se les escap\u00f3 un punto vital para el resurgir de los txuri-urdin, dos desatenciones en el ocaso del primer y segundo tiempo quitaron toda esperanza de sumar. <strong>Carlos Vela<\/strong> urge del gol y de <span style=\"color: #3366ff;\"><strong><a style=\"color: #3366ff;\" href=\"http:\/\/futboltotal.com.mx\/2015\/09\/critican-a-carlos-vela-en-espana\/\">borrar con buenas actuaciones esas frases desafortunadas<\/a><\/strong><\/span> en las que mencion\u00f3 que pudo salir de San Sebasti\u00e1n. Diego Reyes debe confirmar su espl\u00e9ndido estado de forma, ayudado por la continuidad que le ha otorgado Moyes.<\/p>\n<p><strong>PSV vs\u00a0Cambuur Leeuwarden (Martes 22 de septiembre | Sin Transmisi\u00f3n )<\/strong><\/p>\n<p>El campe\u00f3n de la Eredivisie busca alejar <span style=\"color: #3366ff;\"><a style=\"color: #3366ff;\" href=\"http:\/\/futboltotal.com.mx\/2015\/09\/historica-derrota-del-psv-sin-andres-guardado\/\">todo ese mar de dudas que le atormenta<\/a><\/span>. En el torneo local se ubican en la quinta posici\u00f3n tras seis jornadas, un inicio para nada presupuestado. Para el duelo no estar\u00e1 disponible <strong>Andr\u00e9s Guardado<\/strong>, cuyo diagn\u00f3stico m\u00e9dico confirm\u00f3 que<span style=\"color: #3366ff;\"><a style=\"color: #3366ff;\" href=\"http:\/\/futboltotal.com.mx\/2015\/09\/andres-guardado-se-perdera-duelo-ante-estados-unidos\/\"> estar\u00e1 por lo menos un mes lejos del rect\u00e1ngulo verde<\/a>.<\/span>\u00a0Otro que podr\u00eda no ver minutos es H\u00e9ctor Moreno, ya que al ser un duelo ante un rival menor, Cocu <span style=\"color: #3366ff;\"><a style=\"color: #3366ff;\" href=\"http:\/\/futboltotal.com.mx\/2015\/09\/duras-criticas-recibio-hector-moreno\/\">podr\u00eda optar por alejarlo un poco de la pol\u00e9mica<\/a><\/span>.<\/p>\n<p><strong>Bayer Leverkusen vs Mainz (Mi\u00e9rcoles 23 de septiembre | Fox Sports | 13:00 TCM)<\/strong><\/p>\n<p><span style=\"color: #3366ff;\"><a style=\"color: #3366ff;\" href=\"http:\/\/futboltotal.com.mx\/2015\/09\/chicharito-se-pierde-su-primer-gol-en-la-bundesliga\/\">Chicharito no aprovech\u00f3 de la mejor manera su primera titularidad<\/a><\/span> en Bundesliga y el Bayer Leverkusen cay\u00f3 derrotado ente el perfecto l\u00edder Borussia Dortmund. Regresan a Bay Arena para chocar ante el Mainz con miras a reencontrar su mejor versi\u00f3n, pues ya acumulan tres derrotas en fila en el certamen liguero, lo que representa una excelente oportunidad para Javier Hern\u00e1ndez de gritar una vez m\u00e1s el gol.<\/p>\n<p><strong>M\u00e1laga vs Villarreal (Mi\u00e9rcoles 23 de septiembre | SKY 517| 15:00 TCM)<\/strong><\/p>\n<p>Dos mexicanos estar\u00e1n convocados aunque las posibilidades de que disputen minutos son remotas, en especial para Guillermo Ochoa, que ha pasado desaparcibido para Javi Gracia durante 42 jornadas (contando el torneo anterior). En el caso de Jonathan dos Santos, se qued\u00f3 en la banca el domingo, en un duelo en el cual el <em>Submarino Amarillo<\/em> se impuso 3-1 al Athletic de Bilbao.<\/p>\n<p><strong>Hellas Verona vs \u00a0Inter (Mi\u00e9rcoles 23 de septiembre | Fox Sports 2 | 13:45 TCM)<\/strong><\/p>\n<p>Los <em>neroazzurris<\/em> llegan como l\u00edderes e invencibles. Buscan confirmarse en la cima y contar\u00e1n con el plus de que el Hellas no contar\u00e1 con dos de sus referentes por lesi\u00f3n. Toni al ataque y <span style=\"color: #3366ff;\"><a style=\"color: #3366ff;\" href=\"http:\/\/futboltotal.com.mx\/2015\/09\/peligra-participacion-de-rafa-marquez-contra-estados-unidos\/\">Rafa M\u00e1rquez en defensa han sido descartados para el choque<\/a><\/span>.<\/p>\n<p>&nbsp;<\/p>\n","protected":false},"excerpt":{"rendered":"<p>Otros futbolistas aztecas tambi\u00e9n contar\u00e1n con actividad de media semana<\/p>\n","protected":false},"author":20,"featured_media":314723,"comment_status":"open","ping_status":"open","sticky":false,"template":"","format":"standard","meta":[],"categories":[3839,5951],"tags":[6048,120,4545],"_links":{"self":[{"href":"http:\/\/desarrollo.grupomedios.com\/futbol\/wp-json\/wp\/v2\/posts\/314683"}],"collection":[{"href":"http:\/\/desarrollo.grupomedios.com\/futbol\/wp-json\/wp\/v2\/posts"}],"about":[{"href":"http:\/\/desarrollo.grupomedios.com\/futbol\/wp-json\/wp\/v2\/types\/post"}],"author":[{"embeddable":true,"href":"http:\/\/desarrollo.grupomedios.com\/futbol\/wp-json\/wp\/v2\/users\/20"}],"replies":[{"embeddable":true,"href":"http:\/\/desarrollo.grupomedios.com\/futbol\/wp-json\/wp\/v2\/comments?post=314683"}],"version-history":[{"count":0,"href":"http:\/\/desarrollo.grupomedios.com\/futbol\/wp-json\/wp\/v2\/posts\/314683\/revisions"}],"wp:featuredmedia":[{"embeddable":true,"href":"http:\/\/desarrollo.grupomedios.com\/futbol\/wp-json\/wp\/v2\/media\/314723"}],"wp:attachment":[{"href":"http:\/\/desarrollo.grupomedios.com\/futbol\/wp-json\/wp\/v2\/media?parent=314683"}],"wp:term":[{"taxonomy":"category","embeddable":true,"href":"http:\/\/desarrollo.grupomedios.com\/futbol\/wp-json\/wp\/v2\/categories?post=314683"},{"taxonomy":"post_tag","embeddable":true,"href":"http:\/\/desarrollo.grupomedios.com\/futbol\/wp-json\/wp\/v2\/tags?post=314683"}],"curies":[{"name":"wp","href":"https:\/\/api.w.org\/{rel}","templated":true}]}}