{"id":314813,"date":"2015-09-21T21:24:39","date_gmt":"2015-09-22T02:24:39","guid":{"rendered":"http:\/\/futboltotal.com.mx\/?p=314813"},"modified":"2015-09-21T21:27:12","modified_gmt":"2015-09-22T02:27:12","slug":"en-vivo-w-connection-vs-santos-concanchampions","status":"publish","type":"post","link":"http:\/\/desarrollo.grupomedios.com\/futbol\/futbol-mexicano\/en-vivo-w-connection-vs-santos-concanchampions\/2015\/09","title":{"rendered":"PREVIO | W Connection vs. Santos | Concanchampions"},"content":{"rendered":"<p>La llegada de Pako Ayestar\u00e1n no ha dado sus frutos con <a href=\"http:\/\/futboltotal.com.mx\/equipos\/santos\/\" target=\"_blank\"><strong>Santos Laguna<\/strong><\/a>, porque el equipo sigue sin salir del fondo de la Liga MX, si bien en el torneo nacional tienen levantar s\u00ed o s\u00ed para pensar en defender su t\u00edtulo, los <em>Guerreros<\/em> deben atender primero su compromiso en <a href=\"http:\/\/futboltotal.com.mx\/estadisticas\/estadisticas-concachampions\/\" target=\"_blank\"><strong>Concachampions<\/strong><\/a>, donde se medir\u00e1n con <strong>W Connection<\/strong>.<\/p>\n<p>La cita ser\u00e1 este martes en punto de las 19:00 horas, ah\u00ed la escuadra <em>verdiblanca<\/em> se adentrar\u00e1 al estadio Manny Ramjohn para disputar la quinta jornada del certamen. El conjunto de la Comarca tiene la obligaci\u00f3n de sacar los tres puntos en Trinidad y Tobago para mantenerse con vida en el torneo, pues marcha segundo del Grupo 1 con tres unidades y a una victoria del l\u00edder Saprissa.<\/p>\n<p>El panorama para <strong>Santos Laguna<\/strong> no luce satisfactorio, porque no logran levantar y por ello est\u00e1n en el fondo de la Liga MX, posici\u00f3n que para Ayestar\u00e1n se merecen.<\/p>\n<p>\u201cSomos profesionales y tenemos las responsabilidad, eso del \u00e1nimo lo debe tener todo el mundo para ir a trabajar todos los d\u00edas, tenemos que ser responsables y ser conscientes de que estamos en la posici\u00f3n que estamos porque lo merecemos al d\u00eda de hoy\u201d, se\u00f1al\u00f3 el entrenador espa\u00f1ol.<\/p>\n<p>Con este duelo en <strong>Concachampions<\/strong>, los <em>Guerreros<\/em> intentar\u00e1n retornar al nivel que los llev\u00f3 al estrellato el semestre anterior.<\/p>\n<p>\u00bfCu\u00e1l es tu pron\u00f3stico para el <strong>W Connection vs. Santos<\/strong>, <em>crack<\/em>?<\/p>\n","protected":false},"excerpt":{"rendered":"<p>Los Guerreros buscan mantenerse con vida en el torneo<\/p>\n","protected":false},"author":20,"featured_media":314816,"comment_status":"open","ping_status":"open","sticky":false,"template":"","format":"standard","meta":[],"categories":[5398,3839,2198],"tags":[3182,174],"_links":{"self":[{"href":"http:\/\/desarrollo.grupomedios.com\/futbol\/wp-json\/wp\/v2\/posts\/314813"}],"collection":[{"href":"http:\/\/desarrollo.grupomedios.com\/futbol\/wp-json\/wp\/v2\/posts"}],"about":[{"href":"http:\/\/desarrollo.grupomedios.com\/futbol\/wp-json\/wp\/v2\/types\/post"}],"author":[{"embeddable":true,"href":"http:\/\/desarrollo.grupomedios.com\/futbol\/wp-json\/wp\/v2\/users\/20"}],"replies":[{"embeddable":true,"href":"http:\/\/desarrollo.grupomedios.com\/futbol\/wp-json\/wp\/v2\/comments?post=314813"}],"version-history":[{"count":0,"href":"http:\/\/desarrollo.grupomedios.com\/futbol\/wp-json\/wp\/v2\/posts\/314813\/revisions"}],"wp:featuredmedia":[{"embeddable":true,"href":"http:\/\/desarrollo.grupomedios.com\/futbol\/wp-json\/wp\/v2\/media\/314816"}],"wp:attachment":[{"href":"http:\/\/desarrollo.grupomedios.com\/futbol\/wp-json\/wp\/v2\/media?parent=314813"}],"wp:term":[{"taxonomy":"category","embeddable":true,"href":"http:\/\/desarrollo.grupomedios.com\/futbol\/wp-json\/wp\/v2\/categories?post=314813"},{"taxonomy":"post_tag","embeddable":true,"href":"http:\/\/desarrollo.grupomedios.com\/futbol\/wp-json\/wp\/v2\/tags?post=314813"}],"curies":[{"name":"wp","href":"https:\/\/api.w.org\/{rel}","templated":true}]}}