{"id":315013,"date":"2015-09-22T17:49:27","date_gmt":"2015-09-22T22:49:27","guid":{"rendered":"http:\/\/futboltotal.com.mx\/?p=315013"},"modified":"2015-09-22T19:37:48","modified_gmt":"2015-09-23T00:37:48","slug":"futbolistas-no-nacidos-en-mexico","status":"publish","type":"post","link":"http:\/\/desarrollo.grupomedios.com\/futbol\/futbol-mexicano\/futbolistas-no-nacidos-en-mexico\/2015\/09","title":{"rendered":"Futbolistas no nacidos en M\u00e9xico"},"content":{"rendered":"<p>En los \u00faltimos torneos se increment\u00f3 la cantidad de <strong>jugadores no nacidos en M\u00e9xico<\/strong>, la cual ascendi\u00f3 a los 154 elementos. Dicha estad\u00edstica aument\u00f3 cuando se quit\u00f3 el l\u00edmite de naturalizados en un equipo, <a href=\"http:\/\/futboltotal.com.mx\/2015\/09\/buscaran-regularizar-naturalizados-en-liga-mx\/\" target=\"_blank\">regulaci\u00f3n que podr\u00eda regresar<\/a>.<\/p>\n<p>Del total de deportistas que no nacieron en el pa\u00eds, 53 son naturalizados, 17 poseen la doble nacionalidad (mexico-estadounidenses) y 84 son extranjeros.<\/p>\n<p>El equipo con menos futbolistas que nacieron fuera del pa\u00eds es <strong>Chivas<\/strong>, que tiene \u00fanicamente a dos jugadores; mientras que el club que tiene m\u00e1s miembros de su plantilla con ese estatus es <strong>Tijuana<\/strong>, con 13 elementos; adem\u00e1s, los <em>Xolos<\/em> tambi\u00e9n cuentan con la mayor matr\u00edcula de jugadores oriundos de Estados Unidos que tienen ascendencia mexicana.<\/p>\n<p style=\"text-align: center;\"><span style=\"color: #3366ff;\"><a style=\"color: #3366ff;\" href=\"http:\/\/futboltotal.com.mx\/2015\/09\/buscaran-regularizar-naturalizados-en-liga-mx\/\" target=\"_blank\"><strong>LEER M\u00c1S: Buscan regular naturalizados en la Liga MX<\/strong> <\/a><\/span><\/p>\n<p>Atr\u00e1s del cuadro <em>fronterizo<\/em>, est\u00e1n <strong>Quer\u00e9taro<\/strong> y <strong>Cruz Azul<\/strong>, quienes con sus \u00faltimas contrataciones ya tienen a 12 elementos provenientes del extranjero.<\/p>\n<p>Estos son los futbolistas no nacidos en <strong>M\u00e9xico<\/strong> que participar\u00e1n en el <strong>Apertura 2015<\/strong> de la <a href=\"http:\/\/www.futboltotal.com.mx\/futbol-mexicano\/\" target=\"_blank\"><strong>Liga MX<\/strong>.<\/a><\/p>\n<p align=\"LEFT\"><strong><span style=\"color: #333333;\"><span style=\"font-family: Georgia, 'Times New Roman', 'Bitstream Charter', Times, serif;\"><span style=\"font-size: medium;\"><b>Am\u00e9rica | 10<\/b><\/span><\/span><\/span><\/strong><\/p>\n<table border=\"0\" cellspacing=\"0\" cellpadding=\"2\">\n<colgroup>\n<col \/>\n<col \/>\n<col \/> <\/colgroup>\n<tbody>\n<tr>\n<td width=\"202\"><strong><span style=\"color: #ff0000;\"><span style=\"font-family: inherit;\"><b>Jugador<\/b><\/span><\/span><\/strong><\/td>\n<td width=\"215\"><strong><span style=\"color: #ff0000;\"><span style=\"font-family: inherit;\"><b>Lugar de Nacimiento<\/b><\/span><\/span><\/strong><\/td>\n<td width=\"205\"><strong><span style=\"color: #ff0000;\"><span style=\"font-family: inherit;\"><b>Estatus en Liga MX<\/b><\/span><\/span><\/strong><\/td>\n<\/tr>\n<tr>\n<td width=\"202\"><span style=\"font-family: inherit;\">Paolo Goltz<\/span><\/td>\n<td width=\"215\"><span style=\"font-family: inherit;\">Argentina<\/span><\/td>\n<td width=\"205\"><span style=\"font-family: inherit;\">Extranjero<\/span><\/td>\n<\/tr>\n<tr>\n<td width=\"202\"><span style=\"font-family: inherit;\">Miguel Samudio<\/span><\/td>\n<td width=\"215\"><span style=\"font-family: inherit;\">Paraguay<\/span><\/td>\n<td width=\"205\"><span style=\"font-family: inherit;\">Extranjero<\/span><\/td>\n<\/tr>\n<tr>\n<td width=\"202\"><span style=\"font-family: inherit;\">Dar\u00edo Benedetto<\/span><\/td>\n<td width=\"215\"><span style=\"font-family: inherit;\">Argentina<\/span><\/td>\n<td width=\"205\"><span style=\"font-family: inherit;\">Extranjero<\/span><\/td>\n<\/tr>\n<tr>\n<td width=\"202\"><span style=\"font-family: inherit;\">Osvaldo Mart\u00ednez<\/span><\/td>\n<td width=\"215\"><span style=\"font-family: inherit;\">Paraguay<\/span><\/td>\n<td width=\"205\"><span style=\"font-family: inherit;\">Naturalizado<\/span><\/td>\n<\/tr>\n<tr>\n<td width=\"202\"><span style=\"font-family: inherit;\">Michael Arroyo<\/span><\/td>\n<td width=\"215\"><span style=\"font-family: inherit;\">Ecuador<\/span><\/td>\n<td width=\"205\"><span style=\"font-family: inherit;\">Extranjero<\/span><\/td>\n<\/tr>\n<tr>\n<td width=\"202\"><span style=\"font-family: inherit;\">Pablo Aguilar<\/span><\/td>\n<td width=\"215\"><span style=\"font-family: inherit;\">Paraguay<\/span><\/td>\n<td width=\"205\"><span style=\"font-family: inherit;\">Naturalizado<\/span><\/td>\n<\/tr>\n<tr>\n<td width=\"202\"><span style=\"font-family: inherit;\">Rubens Sambueza<\/span><\/td>\n<td width=\"215\"><span style=\"font-family: inherit;\">Argentina<\/span><\/td>\n<td width=\"205\"><span style=\"font-family: inherit;\">Naturalizado<\/span><\/td>\n<\/tr>\n<tr>\n<td width=\"202\"><span style=\"font-family: inherit;\">Ventura Alvarado<\/span><\/td>\n<td width=\"215\"><span style=\"font-family: inherit;\">Estados Unidos<\/span><\/td>\n<td width=\"205\"><span style=\"font-family: inherit;\">Doble nacionalidad<\/span><\/td>\n<\/tr>\n<tr>\n<td width=\"202\"><span style=\"font-family: inherit;\">Carlos Darwin Quintero<\/span><\/td>\n<td width=\"215\"><span style=\"font-family: inherit;\">Colombia<\/span><\/td>\n<td width=\"205\"><span style=\"font-family: inherit;\">Naturalizado<\/span><\/td>\n<\/tr>\n<tr>\n<td width=\"202\"><span style=\"font-family: inherit;\">Andr\u00e9s Andrade<\/span><\/td>\n<td width=\"215\"><span style=\"font-family: inherit;\">Colombia<\/span><\/td>\n<td width=\"205\"><span style=\"font-family: inherit;\">Extranjero<\/span><\/td>\n<\/tr>\n<\/tbody>\n<\/table>\n<p><strong><span style=\"color: #333333;\"><span style=\"font-family: Georgia, 'Times New Roman', 'Bitstream Charter', Times, serif;\"><span style=\"font-size: medium;\"><b>Atlas | 11<\/b><\/span><\/span><\/span><\/strong><\/p>\n<table border=\"0\" cellspacing=\"0\" cellpadding=\"2\">\n<colgroup>\n<col \/>\n<col \/>\n<col \/> <\/colgroup>\n<tbody>\n<tr>\n<td width=\"196\"><strong><span style=\"color: #ff0000;\"><span style=\"font-family: inherit;\"><b>Jugador<\/b><\/span><\/span><\/strong><\/td>\n<td width=\"215\"><strong><span style=\"color: #ff0000;\"><span style=\"font-family: inherit;\"><b>Lugar de Nacimiento<\/b><\/span><\/span><\/strong><\/td>\n<td width=\"197\"><strong><span style=\"color: #ff0000;\"><span style=\"font-family: inherit;\"><b>Estatus en Liga MX<\/b><\/span><\/span><\/strong><\/td>\n<\/tr>\n<tr>\n<td width=\"196\"><span style=\"font-family: inherit;\">Miguel Pinto<\/span><\/td>\n<td width=\"215\"><span style=\"font-family: inherit;\">Chile<\/span><\/td>\n<td width=\"197\"><span style=\"font-family: inherit;\">Naturalizado<\/span><\/td>\n<\/tr>\n<tr>\n<td width=\"196\"><span style=\"font-family: inherit;\">Walter Kannemann<\/span><\/td>\n<td width=\"215\"><span style=\"font-family: inherit;\">Argentina<\/span><\/td>\n<td width=\"197\"><span style=\"font-family: inherit;\">Extranjero<\/span><\/td>\n<\/tr>\n<tr>\n<td width=\"196\"><span style=\"font-family: inherit;\">Gonzalo Bergessio<\/span><\/td>\n<td width=\"215\"><span style=\"font-family: inherit;\">Argentina<\/span><\/td>\n<td width=\"197\"><span style=\"font-family: inherit;\">Extranjero<\/span><\/td>\n<\/tr>\n<tr>\n<td width=\"196\"><span style=\"font-family: inherit;\">Franco Arizala<\/span><\/td>\n<td width=\"215\"><span style=\"font-family: inherit;\">Colombia<\/span><\/td>\n<td width=\"197\"><span style=\"font-family: inherit;\">Naturalizado<\/span><\/td>\n<\/tr>\n<tr>\n<td width=\"196\"><span style=\"font-family: inherit;\">Aldo Leao Ram\u00edrez<\/span><\/td>\n<td width=\"215\"><span style=\"font-family: inherit;\">Colombia<\/span><\/td>\n<td width=\"197\"><span style=\"font-family: inherit;\">Naturalizado<\/span><\/td>\n<\/tr>\n<tr>\n<td width=\"196\"><span style=\"font-family: inherit;\">Eisner Loboa<\/span><\/td>\n<td width=\"215\"><span style=\"font-family: inherit;\">Colombia<\/span><\/td>\n<td width=\"197\"><span style=\"font-family: inherit;\">Naturalizado<\/span><\/td>\n<\/tr>\n<tr>\n<td width=\"196\"><span style=\"font-family: inherit;\">Luis Caballero<\/span><\/td>\n<td width=\"215\"><span style=\"font-family: inherit;\">Paraguay<\/span><\/td>\n<td width=\"197\"><span style=\"font-family: inherit;\">Extranjero<\/span><\/td>\n<\/tr>\n<tr>\n<td width=\"196\"><span style=\"font-family: inherit;\">Felipe Baloy<\/span><\/td>\n<td width=\"215\"><span style=\"font-family: inherit;\">Panam\u00e1<\/span><\/td>\n<td width=\"197\"><span style=\"font-family: inherit;\">Naturalizado<\/span><\/td>\n<\/tr>\n<tr>\n<td width=\"196\"><span style=\"font-family: inherit;\">Cristian Tab\u00f3<\/span><\/td>\n<td width=\"215\"><span style=\"font-family: inherit;\">Uruguay<\/span><\/td>\n<td width=\"197\"><span style=\"font-family: inherit;\">Extranjero<\/span><\/td>\n<\/tr>\n<tr>\n<td width=\"196\"><span style=\"font-family: inherit;\">Gregory Garza<\/span><\/td>\n<td width=\"215\"><span style=\"font-family: inherit;\">Estados Unidos<\/span><\/td>\n<td width=\"197\"><span style=\"font-family: inherit;\">Doble nacionalidad<\/span><\/td>\n<\/tr>\n<tr>\n<td width=\"196\"><span style=\"font-family: inherit;\">\u00c1lvaro Gonz\u00e1lez<\/span><\/td>\n<td width=\"215\"><span style=\"font-family: inherit;\">Uruguay<\/span><\/td>\n<td width=\"197\"><span style=\"font-family: inherit;\">Extranjero<\/span><\/td>\n<\/tr>\n<\/tbody>\n<\/table>\n<p><strong><span style=\"color: #333333;\"><span style=\"font-family: Georgia, 'Times New Roman', 'Bitstream Charter', Times, serif;\"><span style=\"font-size: medium;\"><b>Cruz Azul | 12<\/b><\/span><\/span><\/span><\/strong><\/p>\n<table border=\"0\" cellspacing=\"0\" cellpadding=\"2\">\n<colgroup>\n<col \/>\n<col \/>\n<col \/> <\/colgroup>\n<tbody>\n<tr>\n<td width=\"202\"><strong><span style=\"color: #ff0000;\"><span style=\"font-family: inherit;\"><b>Jugador<\/b><\/span><\/span><\/strong><\/td>\n<td width=\"215\"><strong><span style=\"color: #ff0000;\"><span style=\"font-family: inherit;\"><b>Lugar de Nacimiento<\/b><\/span><\/span><\/strong><\/td>\n<td width=\"205\"><strong><span style=\"color: #ff0000;\"><span style=\"font-family: inherit;\"><b>Estatus en Liga MX<\/b><\/span><\/span><\/strong><\/td>\n<\/tr>\n<tr>\n<td width=\"202\"><span style=\"font-family: inherit;\">Fabio Santos<\/span><\/td>\n<td width=\"215\"><span style=\"font-family: inherit;\">Brasil<\/span><\/td>\n<td width=\"205\"><span style=\"font-family: inherit;\">Extranjero<\/span><\/td>\n<\/tr>\n<tr>\n<td width=\"202\"><span style=\"font-family: inherit;\">Lucas Silva<\/span><\/td>\n<td width=\"215\"><span style=\"font-family: inherit;\">Brasil<\/span><\/td>\n<td width=\"205\"><span style=\"font-family: inherit;\">Naturalizado<\/span><\/td>\n<\/tr>\n<tr>\n<td width=\"202\"><span style=\"font-family: inherit;\">Marc Crosas<\/span><\/td>\n<td width=\"215\"><span style=\"font-family: inherit;\">Espa\u00f1a<\/span><\/td>\n<td width=\"205\"><span style=\"font-family: inherit;\">Naturalizado<\/span><\/td>\n<\/tr>\n<tr>\n<td width=\"202\"><span style=\"font-family: inherit;\">Christian Gim\u00e9nez<\/span><\/td>\n<td width=\"215\"><span style=\"font-family: inherit;\">Argentina<\/span><\/td>\n<td width=\"205\"><span style=\"font-family: inherit;\">Naturalizado<\/span><\/td>\n<\/tr>\n<tr>\n<td width=\"202\"><span style=\"font-family: inherit;\">Joao Rojas<\/span><\/td>\n<td width=\"215\"><span style=\"font-family: inherit;\">Ecuador<\/span><\/td>\n<td width=\"205\"><span style=\"font-family: inherit;\">Naturalizado<\/span><\/td>\n<\/tr>\n<tr>\n<td width=\"202\"><span style=\"font-family: inherit;\">Emanuel Loeschbor<\/span><\/td>\n<td width=\"215\"><span style=\"font-family: inherit;\">Argentina<\/span><\/td>\n<td width=\"205\"><span style=\"font-family: inherit;\">Naturalizado<\/span><\/td>\n<\/tr>\n<tr>\n<td width=\"202\"><span style=\"font-family: inherit;\">Ariel Rojas<\/span><\/td>\n<td width=\"215\"><span style=\"font-family: inherit;\">Argentina<\/span><\/td>\n<td width=\"205\"><span style=\"font-family: inherit;\">Extranjero<\/span><\/td>\n<\/tr>\n<tr>\n<td width=\"202\"><span style=\"font-family: inherit;\">Antonio Pedroza<\/span><\/td>\n<td width=\"215\"><span style=\"font-family: inherit;\">Inglaterra<\/span><\/td>\n<td width=\"205\"><span style=\"font-family: inherit;\">Doble nacionalidad<\/span><\/td>\n<\/tr>\n<tr>\n<td width=\"202\"><span style=\"font-family: inherit;\">Fernando Belluschi<\/span><\/td>\n<td width=\"215\"><span style=\"font-family: inherit;\">Argentina<\/span><\/td>\n<td width=\"205\"><span style=\"font-family: inherit;\">Extranjero<\/span><\/td>\n<\/tr>\n<tr>\n<td width=\"202\"><span style=\"font-family: inherit;\">Jorge Ben\u00edtez<\/span><\/td>\n<td width=\"215\"><span style=\"font-family: inherit;\">Paraguay<\/span><\/td>\n<td width=\"205\"><span style=\"font-family: inherit;\">Extranjero<\/span><\/td>\n<\/tr>\n<tr>\n<td width=\"202\"><span style=\"font-family: inherit;\">Mat\u00edas Vuoso<\/span><\/td>\n<td width=\"215\"><span style=\"font-family: inherit;\">Argentina<\/span><\/td>\n<td width=\"205\"><span style=\"font-family: inherit;\">Naturalizado<\/span><\/td>\n<\/tr>\n<tr>\n<td width=\"202\"><span style=\"font-family: inherit;\">Federico Carrizo<\/span><\/td>\n<td width=\"215\"><span style=\"font-family: inherit;\">Argentina<\/span><\/td>\n<td width=\"205\"><span style=\"font-family: inherit;\">Extranjero<\/span><\/td>\n<\/tr>\n<\/tbody>\n<\/table>\n<p><strong><span style=\"color: #333333;\"><span style=\"font-family: Georgia, 'Times New Roman', 'Bitstream Charter', Times, serif;\"><span style=\"font-size: medium;\"><b>Dorados | 9<\/b><\/span><\/span><\/span><\/strong><\/p>\n<table border=\"0\" cellspacing=\"0\" cellpadding=\"2\">\n<colgroup>\n<col \/>\n<col \/>\n<col \/> <\/colgroup>\n<tbody>\n<tr>\n<td width=\"202\"><strong><span style=\"color: #ff0000;\"><span style=\"font-family: inherit;\"><b>Jugador<\/b><\/span><\/span><\/strong><\/td>\n<td width=\"215\"><strong><span style=\"color: #ff0000;\"><span style=\"font-family: inherit;\"><b>Lugar de Nacimiento<\/b><\/span><\/span><\/strong><\/td>\n<td width=\"205\"><strong><span style=\"color: #ff0000;\"><span style=\"font-family: inherit;\"><b>Estatus en Liga MX<\/b><\/span><\/span><\/strong><\/td>\n<\/tr>\n<tr>\n<td width=\"202\"><span style=\"font-family: inherit;\">Jonathan Lacerda<\/span><\/td>\n<td width=\"215\"><span style=\"font-family: inherit;\">Uruguay<\/span><\/td>\n<td width=\"205\"><span style=\"font-family: inherit;\">Extranjero<\/span><\/td>\n<\/tr>\n<tr>\n<td width=\"202\"><span style=\"font-family: inherit;\">Mauricio Romero<\/span><\/td>\n<td width=\"215\"><span style=\"font-family: inherit;\">Argentina<\/span><\/td>\n<td width=\"205\"><span style=\"font-family: inherit;\">Naturalizado<\/span><\/td>\n<\/tr>\n<tr>\n<td width=\"202\"><span style=\"font-family: inherit;\">Segundo Castillo<\/span><\/td>\n<td width=\"215\"><span style=\"font-family: inherit;\">Ecuador<\/span><\/td>\n<td width=\"205\"><span style=\"font-family: inherit;\">Extranjero<\/span><\/td>\n<\/tr>\n<tr>\n<td width=\"202\"><span style=\"font-family: inherit;\">Marcos Caicedo<\/span><\/td>\n<td width=\"215\"><span style=\"font-family: inherit;\">Ecuador<\/span><\/td>\n<td width=\"205\"><span style=\"font-family: inherit;\">Extranjero<\/span><\/td>\n<\/tr>\n<tr>\n<td width=\"202\"><span style=\"font-family: inherit;\">Christian Su\u00e1rez<\/span><\/td>\n<td width=\"215\"><span style=\"font-family: inherit;\">Ecuador<\/span><\/td>\n<td width=\"205\"><span style=\"font-family: inherit;\">Extranjero<\/span><\/td>\n<\/tr>\n<tr>\n<td width=\"202\"><span style=\"font-family: inherit;\">Roberto Nurse<\/span><\/td>\n<td width=\"215\"><span style=\"font-family: inherit;\">Panam\u00e1<\/span><\/td>\n<td width=\"205\"><span style=\"font-family: inherit;\">Extranjero<\/span><\/td>\n<\/tr>\n<tr>\n<td width=\"202\"><span style=\"font-family: inherit;\">H\u00e9ctor Mancilla<\/span><\/td>\n<td width=\"215\"><span style=\"font-family: inherit;\">Chile<\/span><\/td>\n<td width=\"205\"><span style=\"font-family: inherit;\">Naturalizado<\/span><\/td>\n<\/tr>\n<tr>\n<td width=\"202\"><span style=\"font-family: inherit;\">Mart\u00edn Bravo<\/span><\/td>\n<td width=\"215\"><span style=\"font-family: inherit;\">Argentina<\/span><\/td>\n<td width=\"205\"><span style=\"font-family: inherit;\">Naturalizado<\/span><\/td>\n<\/tr>\n<tr>\n<td width=\"202\"><span style=\"font-family: inherit;\">Walter Ayov\u00ed<\/span><\/td>\n<td width=\"215\"><span style=\"font-family: inherit;\">Ecuador<\/span><\/td>\n<td width=\"205\"><span style=\"font-family: inherit;\">Naturalizado<\/span><\/td>\n<\/tr>\n<\/tbody>\n<\/table>\n<p><strong><span style=\"color: #333333;\"><span style=\"font-family: Georgia, 'Times New Roman', 'Bitstream Charter', Times, serif;\"><span style=\"font-size: medium;\"><b>Chiapas | 8<\/b><\/span><\/span><\/span><\/strong><\/p>\n<table border=\"0\" cellspacing=\"0\" cellpadding=\"2\">\n<colgroup>\n<col \/>\n<col \/>\n<col \/> <\/colgroup>\n<tbody>\n<tr>\n<td width=\"202\"><strong><span style=\"color: #ff0000;\"><span style=\"font-family: inherit;\"><b>Jugador<\/b><\/span><\/span><\/strong><\/td>\n<td width=\"215\"><strong><span style=\"color: #ff0000;\"><span style=\"font-family: inherit;\"><b>Lugar de Nacimiento<\/b><\/span><\/span><\/strong><\/td>\n<td width=\"205\"><strong><span style=\"color: #ff0000;\"><span style=\"font-family: inherit;\"><b>Estatus en Liga MX<\/b><\/span><\/span><\/strong><\/td>\n<\/tr>\n<tr>\n<td width=\"202\"><span style=\"font-family: inherit;\">Javier Mu\u00f1oz Mustaf\u00e1<\/span><\/td>\n<td width=\"215\"><span style=\"font-family: inherit;\">Argentina<\/span><\/td>\n<td width=\"205\"><span style=\"font-family: inherit;\">Naturalizado<\/span><\/td>\n<\/tr>\n<tr>\n<td width=\"202\"><span style=\"font-family: inherit;\">Juan Insaurralde<\/span><\/td>\n<td width=\"215\"><span style=\"font-family: inherit;\">Argentina<\/span><\/td>\n<td width=\"205\"><span style=\"font-family: inherit;\">Extranjero<\/span><\/td>\n<\/tr>\n<tr>\n<td width=\"202\"><span style=\"font-family: inherit;\">Emiliano Armenteros<\/span><\/td>\n<td width=\"215\"><span style=\"font-family: inherit;\">Argentina<\/span><\/td>\n<td width=\"205\"><span style=\"font-family: inherit;\">Extranjero<\/span><\/td>\n<\/tr>\n<tr>\n<td width=\"202\"><span style=\"font-family: inherit;\">Avil\u00e9s Hurtado<\/span><\/td>\n<td width=\"215\"><span style=\"font-family: inherit;\">Colombia<\/span><\/td>\n<td width=\"205\"><span style=\"font-family: inherit;\">Naturalizado<\/span><\/td>\n<\/tr>\n<tr>\n<td width=\"202\"><span style=\"font-family: inherit;\">Gabriel Farf\u00e1n<\/span><\/td>\n<td width=\"215\"><span style=\"font-family: inherit;\">Estados Unidos<\/span><\/td>\n<td width=\"205\"><span style=\"font-family: inherit;\">Doble nacionalidad<\/span><\/td>\n<\/tr>\n<tr>\n<td width=\"202\"><span style=\"font-family: inherit;\">Silvio Romero<\/span><\/td>\n<td width=\"215\"><span style=\"font-family: inherit;\">Argentina<\/span><\/td>\n<td width=\"205\"><span style=\"font-family: inherit;\">Extranjero<\/span><\/td>\n<\/tr>\n<tr>\n<td width=\"202\"><span style=\"font-family: inherit;\">Francisco Silva<\/span><\/td>\n<td width=\"215\"><span style=\"font-family: inherit;\">Chile<\/span><\/td>\n<td width=\"205\"><span style=\"font-family: inherit;\">Extranjero<\/span><\/td>\n<\/tr>\n<tr>\n<td width=\"202\"><span style=\"font-family: inherit;\">Math\u00edas Vidangossy<\/span><\/td>\n<td width=\"215\"><span style=\"font-family: inherit;\">Chile<\/span><\/td>\n<td width=\"205\"><span style=\"font-family: inherit;\">Extranjero<\/span><\/td>\n<\/tr>\n<\/tbody>\n<\/table>\n<p><strong><span style=\"color: #333333;\"><span style=\"font-family: Georgia, 'Times New Roman', 'Bitstream Charter', Times, serif;\"><span style=\"font-size: medium;\"><b>Chivas | 2<\/b><\/span><\/span><\/span><\/strong><\/p>\n<table border=\"0\" cellspacing=\"0\" cellpadding=\"2\">\n<colgroup>\n<col \/>\n<col \/>\n<col \/> <\/colgroup>\n<tbody>\n<tr>\n<td width=\"202\"><strong><span style=\"color: #ff0000;\"><span style=\"font-family: inherit;\"><b>Jugador<\/b><\/span><\/span><\/strong><\/td>\n<td width=\"215\"><strong><span style=\"color: #ff0000;\"><span style=\"font-family: inherit;\"><b>Lugar de Nacimiento<\/b><\/span><\/span><\/strong><\/td>\n<td width=\"205\"><strong><span style=\"color: #ff0000;\"><span style=\"font-family: inherit;\"><b>Estatus en Liga MX<\/b><\/span><\/span><\/strong><\/td>\n<\/tr>\n<tr>\n<td width=\"202\"><span style=\"font-family: inherit;\">Miguel \u00c1ngel Ponce<\/span><\/td>\n<td width=\"215\"><span style=\"font-family: inherit;\">Estados Unidos<\/span><\/td>\n<td width=\"205\"><span style=\"font-family: inherit;\">Doble nacionalidad<\/span><\/td>\n<\/tr>\n<tr>\n<td width=\"202\"><span style=\"font-family: inherit;\">Isaac Brizuela<\/span><\/td>\n<td width=\"215\"><span style=\"font-family: inherit;\">Estados Unidos<\/span><\/td>\n<td width=\"205\"><span style=\"font-family: inherit;\">Doble nacionalidad<\/span><\/td>\n<\/tr>\n<\/tbody>\n<\/table>\n<p><strong><span style=\"color: #333333;\"><span style=\"font-family: Georgia, 'Times New Roman', 'Bitstream Charter', Times, serif;\"><span style=\"font-size: medium;\"><b>Le\u00f3n | 7<\/b><\/span><\/span><\/span><\/strong><\/p>\n<table border=\"0\" cellspacing=\"0\" cellpadding=\"2\">\n<colgroup>\n<col \/>\n<col \/>\n<col \/> <\/colgroup>\n<tbody>\n<tr>\n<td width=\"202\"><strong><span style=\"color: #ff0000;\"><span style=\"font-family: inherit;\"><b>Jugador<\/b><\/span><\/span><\/strong><\/td>\n<td width=\"215\"><strong><span style=\"color: #ff0000;\"><span style=\"font-family: inherit;\"><b>Lugar de Nacimiento<\/b><\/span><\/span><\/strong><\/td>\n<td width=\"205\"><strong><span style=\"color: #ff0000;\"><span style=\"font-family: inherit;\"><b>Estatus en Liga MX<\/b><\/span><\/span><\/strong><\/td>\n<\/tr>\n<tr>\n<td width=\"202\"><span style=\"font-family: inherit;\">Guillermo Burdisso<\/span><\/td>\n<td width=\"215\"><span style=\"font-family: inherit;\">Argentina<\/span><\/td>\n<td width=\"205\"><span style=\"font-family: inherit;\">Extranjero<\/span><\/td>\n<\/tr>\n<tr>\n<td width=\"202\"><span style=\"font-family: inherit;\">Diego Novaretti<\/span><\/td>\n<td width=\"215\"><span style=\"font-family: inherit;\">Argentina<\/span><\/td>\n<td width=\"205\"><span style=\"font-family: inherit;\">Extranjero<\/span><\/td>\n<\/tr>\n<tr>\n<td width=\"202\"><span style=\"font-family: inherit;\">Dar\u00edo Burbano<\/span><\/td>\n<td width=\"215\"><span style=\"font-family: inherit;\">Colombia<\/span><\/td>\n<td width=\"205\"><span style=\"font-family: inherit;\">Naturalizado<\/span><\/td>\n<\/tr>\n<tr>\n<td width=\"202\"><span style=\"font-family: inherit;\">Miguel Ibarra<\/span><\/td>\n<td width=\"215\"><span style=\"font-family: inherit;\">Estados Unidos<\/span><\/td>\n<td width=\"205\"><span style=\"font-family: inherit;\">Doble Nacionalidad<\/span><\/td>\n<\/tr>\n<tr>\n<td width=\"202\"><span style=\"font-family: inherit;\">Mauro Boselli<\/span><\/td>\n<td width=\"215\"><span style=\"font-family: inherit;\">Argentina<\/span><\/td>\n<td width=\"205\"><span style=\"font-family: inherit;\">Extranjero<\/span><\/td>\n<\/tr>\n<tr>\n<td width=\"202\"><span style=\"font-family: inherit;\">Gonzalo R\u00edos<\/span><\/td>\n<td width=\"215\"><span style=\"font-family: inherit;\">Argentina<\/span><\/td>\n<td width=\"205\"><span style=\"font-family: inherit;\">Extranjero<\/span><\/td>\n<\/tr>\n<tr>\n<td width=\"202\"><span style=\"font-family: inherit;\">Jonathan Gonz\u00e1lez<\/span><\/td>\n<td width=\"215\"><span style=\"font-family: inherit;\">Ecuador<\/span><\/td>\n<td width=\"205\"><span style=\"font-family: inherit;\">Extranjero<\/span><\/td>\n<\/tr>\n<\/tbody>\n<\/table>\n<p><strong><span style=\"color: #333333;\"><span style=\"font-family: Georgia, 'Times New Roman', 'Bitstream Charter', Times, serif;\"><span style=\"font-size: medium;\"><b>Monterrey | 8<\/b><\/span><\/span><\/span><\/strong><\/p>\n<table border=\"0\" cellspacing=\"0\" cellpadding=\"2\">\n<colgroup>\n<col \/>\n<col \/>\n<col \/> <\/colgroup>\n<tbody>\n<tr>\n<td width=\"202\"><strong><span style=\"color: #ff0000;\"><span style=\"font-family: inherit;\"><b>Jugador<\/b><\/span><\/span><\/strong><\/td>\n<td width=\"215\"><strong><span style=\"color: #ff0000;\"><span style=\"font-family: inherit;\"><b>Lugar de Nacimiento<\/b><\/span><\/span><\/strong><\/td>\n<td width=\"205\"><strong><span style=\"color: #ff0000;\"><span style=\"font-family: inherit;\"><b>Estatus en Liga MX<\/b><\/span><\/span><\/strong><\/td>\n<\/tr>\n<tr>\n<td width=\"202\"><span style=\"font-family: inherit;\">Stefan Medina<\/span><\/td>\n<td width=\"215\"><span style=\"font-family: inherit;\">Colombia<\/span><\/td>\n<td width=\"205\"><span style=\"font-family: inherit;\">Extranjero<\/span><\/td>\n<\/tr>\n<tr>\n<td width=\"202\"><span style=\"font-family: inherit;\">Walter Gargano<\/span><\/td>\n<td width=\"215\"><span style=\"font-family: inherit;\">Uruguay<\/span><\/td>\n<td width=\"205\"><span style=\"font-family: inherit;\">Extranjero<\/span><\/td>\n<\/tr>\n<tr>\n<td width=\"202\"><span style=\"font-family: inherit;\">Rogelio Funes Mori<\/span><\/td>\n<td width=\"215\"><span style=\"font-family: inherit;\">Argentina<\/span><\/td>\n<td width=\"205\"><span style=\"font-family: inherit;\">Extranjero<\/span><\/td>\n<\/tr>\n<tr>\n<td width=\"202\"><span style=\"font-family: inherit;\">Dorlan Pab\u00f3n<\/span><\/td>\n<td width=\"215\"><span style=\"font-family: inherit;\">Colombia<\/span><\/td>\n<td width=\"205\"><span style=\"font-family: inherit;\">Extranjero<\/span><\/td>\n<\/tr>\n<tr>\n<td width=\"202\"><span style=\"font-family: inherit;\">Edwin Cardona<\/span><\/td>\n<td width=\"215\"><span style=\"font-family: inherit;\">Colombia<\/span><\/td>\n<td width=\"205\"><span style=\"font-family: inherit;\">Extranjero<\/span><\/td>\n<\/tr>\n<tr>\n<td width=\"202\"><span style=\"font-family: inherit;\">Edgar Castillo<\/span><\/td>\n<td width=\"215\"><span style=\"font-family: inherit;\">Estados Unidos<\/span><\/td>\n<td width=\"205\"><span style=\"font-family: inherit;\">Doble nacionalidad<\/span><\/td>\n<\/tr>\n<tr>\n<td width=\"202\"><span style=\"font-family: inherit;\">Neri Cardozo<\/span><\/td>\n<td width=\"215\"><span style=\"font-family: inherit;\">Argentina<\/span><\/td>\n<td width=\"205\"><span style=\"font-family: inherit;\">Naturalizado<\/span><\/td>\n<\/tr>\n<tr>\n<td width=\"202\"><span style=\"font-family: inherit;\">Jos\u00e9 Mar\u00eda Basanta <\/span><\/td>\n<td width=\"215\"><span style=\"font-family: inherit;\">Argentina<\/span><\/td>\n<td width=\"205\"><span style=\"font-family: inherit;\">Naturalizado<\/span><\/td>\n<\/tr>\n<\/tbody>\n<\/table>\n<p><strong><span style=\"color: #333333;\"><span style=\"font-family: Georgia, 'Times New Roman', 'Bitstream Charter', Times, serif;\"><span style=\"font-size: medium;\"><b>Morelia | 8<\/b><\/span><\/span><\/span><\/strong><\/p>\n<table border=\"0\" cellspacing=\"0\" cellpadding=\"2\">\n<colgroup>\n<col \/>\n<col \/>\n<col \/> <\/colgroup>\n<tbody>\n<tr>\n<td width=\"202\"><strong><span style=\"color: #ff0000;\"><span style=\"font-family: inherit;\"><b>Jugador<\/b><\/span><\/span><\/strong><\/td>\n<td width=\"215\"><strong><span style=\"color: #ff0000;\"><span style=\"font-family: inherit;\"><b>Lugar de Nacimiento<\/b><\/span><\/span><\/strong><\/td>\n<td width=\"205\"><strong><span style=\"color: #ff0000;\"><span style=\"font-family: inherit;\"><b>Estatus en Liga MX<\/b><\/span><\/span><\/strong><\/td>\n<\/tr>\n<tr>\n<td width=\"202\"><span style=\"font-family: inherit;\">Marco Torsiglieri<\/span><\/td>\n<td width=\"215\"><span style=\"font-family: inherit;\">Argentina<\/span><\/td>\n<td width=\"205\"><span style=\"font-family: inherit;\">Extranjero<\/span><\/td>\n<\/tr>\n<tr>\n<td width=\"202\"><span style=\"font-family: inherit;\">Facundo Erpen<\/span><\/td>\n<td width=\"215\"><span style=\"font-family: inherit;\">Argentina<\/span><\/td>\n<td width=\"205\">Extranjero<\/td>\n<\/tr>\n<tr>\n<td width=\"202\"><span style=\"font-family: inherit;\">Cristian Pellerano<\/span><\/td>\n<td width=\"215\"><span style=\"font-family: inherit;\">Argentina<\/span><\/td>\n<td width=\"205\"><span style=\"font-family: inherit;\">Naturalizado<\/span><\/td>\n<\/tr>\n<tr>\n<td width=\"202\"><span style=\"font-family: inherit;\">Yorleys Mena<\/span><\/td>\n<td width=\"215\"><span style=\"font-family: inherit;\">Colombia<\/span><\/td>\n<td width=\"205\"><span style=\"font-family: inherit;\">Extranjero<\/span><\/td>\n<\/tr>\n<tr>\n<td width=\"202\"><span style=\"font-family: inherit;\">Mauro Cejas<\/span><\/td>\n<td width=\"215\"><span style=\"font-family: inherit;\">Argentina<\/span><\/td>\n<td width=\"205\"><span style=\"font-family: inherit;\">Naturalizado<\/span><\/td>\n<\/tr>\n<tr>\n<td width=\"202\"><span style=\"font-family: inherit;\">Jefferson Cuero<\/span><\/td>\n<td width=\"215\"><span style=\"font-family: inherit;\">Colombia<\/span><\/td>\n<td width=\"205\"><span style=\"font-family: inherit;\">Extranjero<\/span><\/td>\n<\/tr>\n<tr>\n<td width=\"202\"><span style=\"font-family: inherit;\">Pablo Vel\u00e1zquez<\/span><\/td>\n<td width=\"215\"><span style=\"font-family: inherit;\">Paraguay<\/span><\/td>\n<td width=\"205\"><span style=\"font-family: inherit;\">Extranjero<\/span><\/td>\n<\/tr>\n<tr>\n<td width=\"202\"><span style=\"font-family: inherit;\">Rodrigo Millar<\/span><\/td>\n<td width=\"215\"><span style=\"font-family: inherit;\">Chile<\/span><\/td>\n<td width=\"205\">Naturalizado<\/td>\n<\/tr>\n<\/tbody>\n<\/table>\n<p><strong><span style=\"color: #333333;\"><span style=\"font-family: Georgia, 'Times New Roman', 'Bitstream Charter', Times, serif;\"><span style=\"font-size: medium;\"><b>Pachuca | 7<\/b><\/span><\/span><\/span><\/strong><\/p>\n<table border=\"0\" cellspacing=\"0\" cellpadding=\"2\">\n<colgroup>\n<col \/>\n<col \/>\n<col \/> <\/colgroup>\n<tbody>\n<tr>\n<td width=\"202\"><strong><span style=\"color: #ff0000;\"><span style=\"font-family: inherit;\"><b>Jugador<\/b><\/span><\/span><\/strong><\/td>\n<td width=\"215\"><strong><span style=\"color: #ff0000;\"><span style=\"font-family: inherit;\"><b>Lugar de Nacimiento<\/b><\/span><\/span><\/strong><\/td>\n<td width=\"205\"><strong><span style=\"color: #ff0000;\"><span style=\"font-family: inherit;\"><b>Estatus en Liga MX<\/b><\/span><\/span><\/strong><\/td>\n<\/tr>\n<tr>\n<td width=\"202\"><span style=\"font-family: inherit;\">Aquivaldo Mosquera<\/span><\/td>\n<td width=\"215\"><span style=\"font-family: inherit;\">Colombia<\/span><\/td>\n<td width=\"205\"><span style=\"font-family: inherit;\">Naturalizado<\/span><\/td>\n<\/tr>\n<tr>\n<td width=\"202\"><span style=\"font-family: inherit;\">Ariel Nahuelp\u00e1n<\/span><\/td>\n<td width=\"215\"><span style=\"font-family: inherit;\">Argentina<\/span><\/td>\n<td width=\"205\"><span style=\"font-family: inherit;\">Naturalizado<\/span><\/td>\n<\/tr>\n<tr>\n<td width=\"202\"><span style=\"font-family: inherit;\">Rub\u00e9n Botta<\/span><\/td>\n<td width=\"215\"><span style=\"font-family: inherit;\">Argentina<\/span><\/td>\n<td width=\"205\"><span style=\"font-family: inherit;\">Extranjero<\/span><\/td>\n<\/tr>\n<tr>\n<td width=\"202\"><span style=\"font-family: inherit;\">Dar\u00edo Cvitanich<\/span><\/td>\n<td width=\"215\"><span style=\"font-family: inherit;\">Argentina<\/span><\/td>\n<td width=\"205\"><span style=\"font-family: inherit;\">Extranjero<\/span><\/td>\n<\/tr>\n<tr>\n<td width=\"202\"><span style=\"font-family: inherit;\">Cristian Penilla<\/span><\/td>\n<td width=\"215\"><span style=\"font-family: inherit;\">Ecuador<\/span><\/td>\n<td width=\"205\"><span style=\"font-family: inherit;\">Extranjero<\/span><\/td>\n<\/tr>\n<tr>\n<td width=\"202\"><span style=\"font-family: inherit;\">Jonathan Urretaviscaya<\/span><\/td>\n<td width=\"215\"><span style=\"font-family: inherit;\">Uruguay<\/span><\/td>\n<td width=\"205\"><span style=\"font-family: inherit;\">Extranjero<\/span><\/td>\n<\/tr>\n<tr>\n<td width=\"202\"><span style=\"font-family: inherit;\">Sebasti\u00e1n Sosa<\/span><\/td>\n<td width=\"215\"><span style=\"font-family: inherit;\">Uruguay<\/span><\/td>\n<td width=\"205\"><span style=\"font-family: inherit;\">Extranjero<\/span><\/td>\n<\/tr>\n<\/tbody>\n<\/table>\n<p><strong><span style=\"color: #333333;\"><span style=\"font-family: Georgia, 'Times New Roman', 'Bitstream Charter', Times, serif;\"><span style=\"font-size: medium;\"><b>Puebla | 8<\/b><\/span><\/span><\/span><\/strong><\/p>\n<table border=\"0\" cellspacing=\"0\" cellpadding=\"2\">\n<colgroup>\n<col \/>\n<col \/>\n<col \/> <\/colgroup>\n<tbody>\n<tr>\n<td width=\"202\"><strong><span style=\"color: #ff0000;\"><span style=\"font-family: inherit;\"><b>Jugador<\/b><\/span><\/span><\/strong><\/td>\n<td width=\"215\"><strong><span style=\"color: #ff0000;\"><span style=\"font-family: inherit;\"><b>Lugar de Nacimiento<\/b><\/span><\/span><\/strong><\/td>\n<td width=\"205\"><strong><span style=\"color: #ff0000;\"><span style=\"font-family: inherit;\"><b>Estatus en Liga MX<\/b><\/span><\/span><\/strong><\/td>\n<\/tr>\n<tr>\n<td width=\"202\"><span style=\"font-family: inherit;\">Robert Herrera<\/span><\/td>\n<td width=\"215\"><span style=\"font-family: inherit;\">Uruguay<\/span><\/td>\n<td width=\"205\"><span style=\"font-family: inherit;\">Extranjero<\/span><\/td>\n<\/tr>\n<tr>\n<td width=\"202\"><span style=\"font-family: inherit;\">Isaac D\u00edaz<\/span><\/td>\n<td width=\"215\"><span style=\"font-family: inherit;\">Chile<\/span><\/td>\n<td width=\"205\"><span style=\"font-family: inherit;\">Extranjero<\/span><\/td>\n<\/tr>\n<tr>\n<td width=\"202\"><span style=\"font-family: inherit;\">Mat\u00edas Alustiza<\/span><\/td>\n<td width=\"215\"><span style=\"font-family: inherit;\">Argentina<\/span><\/td>\n<td width=\"205\"><span style=\"font-family: inherit;\">Naturalizado<\/span><\/td>\n<\/tr>\n<tr>\n<td width=\"202\"><span style=\"font-family: inherit;\">Cristian Campestrini<\/span><\/td>\n<td width=\"215\"><span style=\"font-family: inherit;\">Argentina<\/span><\/td>\n<td width=\"205\"><span style=\"font-family: inherit;\">Extranjero<\/span><\/td>\n<\/tr>\n<tr>\n<td width=\"202\"><span style=\"font-family: inherit;\">Luis Gabriel Rey<\/span><\/td>\n<td width=\"215\"><span style=\"font-family: inherit;\">Colombia<\/span><\/td>\n<td width=\"205\"><span style=\"font-family: inherit;\">Naturalizado<\/span><\/td>\n<\/tr>\n<tr>\n<td width=\"202\"><span style=\"font-family: inherit;\">Ram\u00f3n Arias<\/span><\/td>\n<td width=\"215\"><span style=\"font-family: inherit;\">Uruguay<\/span><\/td>\n<td width=\"205\"><span style=\"font-family: inherit;\">Extranjero<\/span><\/td>\n<\/tr>\n<tr>\n<td width=\"202\"><span style=\"font-family: inherit;\">Ezequiel Rescaldani<\/span><\/td>\n<td width=\"215\"><span style=\"font-family: inherit;\">Argentina<\/span><\/td>\n<td width=\"205\"><span style=\"font-family: inherit;\">Extranjero<\/span><\/td>\n<\/tr>\n<tr>\n<td width=\"202\"><span style=\"font-family: inherit;\">Austin Guerrero<\/span><\/td>\n<td width=\"215\"><span style=\"font-family: inherit;\">Estados Unidos<\/span><\/td>\n<td width=\"205\"><span style=\"font-family: inherit;\">Doble nacionalidad<\/span><\/td>\n<\/tr>\n<\/tbody>\n<\/table>\n<p><strong><span style=\"color: #333333;\"><span style=\"font-family: Georgia, 'Times New Roman', 'Bitstream Charter', Times, serif;\"><span style=\"font-size: medium;\"><b>Pumas | 9<\/b><\/span><\/span><\/span><\/strong><\/p>\n<table border=\"0\" cellspacing=\"0\" cellpadding=\"2\">\n<colgroup>\n<col \/>\n<col \/>\n<col \/> <\/colgroup>\n<tbody>\n<tr>\n<td width=\"202\"><strong><span style=\"color: #ff0000;\"><span style=\"font-family: inherit;\"><b>Jugador<\/b><\/span><\/span><\/strong><\/td>\n<td width=\"215\"><strong><span style=\"color: #ff0000;\"><span style=\"font-family: inherit;\"><b>Lugar de Nacimiento<\/b><\/span><\/span><\/strong><\/td>\n<td width=\"205\"><strong><span style=\"color: #ff0000;\"><span style=\"font-family: inherit;\"><b>Estatus en Liga MX<\/b><\/span><\/span><\/strong><\/td>\n<\/tr>\n<tr>\n<td width=\"202\"><span style=\"font-family: inherit;\">Gerardo Alcoba<\/span><\/td>\n<td width=\"215\"><span style=\"font-family: inherit;\">Uruguay<\/span><\/td>\n<td width=\"205\"><span style=\"font-family: inherit;\">Extranjero<\/span><\/td>\n<\/tr>\n<tr>\n<td width=\"202\"><span style=\"font-family: inherit;\">Dar\u00edo Ver\u00f3n<\/span><\/td>\n<td width=\"215\"><span style=\"font-family: inherit;\">Paraguay<\/span><\/td>\n<td width=\"205\"><span style=\"font-family: inherit;\">Naturalizado<\/span><\/td>\n<\/tr>\n<tr>\n<td width=\"202\"><span style=\"font-family: inherit;\">Silvio Torales<\/span><\/td>\n<td width=\"215\"><span style=\"font-family: inherit;\">Paraguay<\/span><\/td>\n<td width=\"205\"><span style=\"font-family: inherit;\">Extranjero<\/span><\/td>\n<\/tr>\n<tr>\n<td width=\"202\"><span style=\"font-family: inherit;\">Dante L\u00f3pez<\/span><\/td>\n<td width=\"215\"><span style=\"font-family: inherit;\">Paraguay<\/span><\/td>\n<td width=\"205\"><span style=\"font-family: inherit;\">Extranjero<\/span><\/td>\n<\/tr>\n<tr>\n<td width=\"202\"><span style=\"font-family: inherit;\">Daniel Ludue\u00f1a<\/span><\/td>\n<td width=\"215\"><span style=\"font-family: inherit;\">Argentina<\/span><\/td>\n<td width=\"205\"><span style=\"font-family: inherit;\">Naturalizado<\/span><\/td>\n<\/tr>\n<tr>\n<td width=\"202\"><span style=\"font-family: inherit;\">Fidel Mart\u00ednez<\/span><\/td>\n<td width=\"215\"><span style=\"font-family: inherit;\">Ecuador<\/span><\/td>\n<td width=\"205\"><span style=\"font-family: inherit;\">Naturalizado<\/span><\/td>\n<\/tr>\n<tr>\n<td width=\"202\"><span style=\"font-family: inherit;\">Ismael Sosa<\/span><\/td>\n<td width=\"215\"><span style=\"font-family: inherit;\">Argentina<\/span><\/td>\n<td width=\"205\"><span style=\"font-family: inherit;\">Extranjero<\/span><\/td>\n<\/tr>\n<tr>\n<td width=\"202\"><span style=\"font-family: inherit;\">Mat\u00edas Britos<\/span><\/td>\n<td width=\"215\"><span style=\"font-family: inherit;\">Uruguay<\/span><\/td>\n<td width=\"205\"><span style=\"font-family: inherit;\">Naturalizado<\/span><\/td>\n<\/tr>\n<tr>\n<td width=\"202\"><span style=\"font-family: inherit;\">Bernab\u00e9 Maga\u00f1a<\/span><\/td>\n<td width=\"215\"><span style=\"font-family: inherit;\">Estados Unidos<\/span><\/td>\n<td width=\"205\"><span style=\"font-family: inherit;\">Doble nacionalidad<\/span><\/td>\n<\/tr>\n<\/tbody>\n<\/table>\n<p><strong><span style=\"color: #333333;\"><span style=\"font-family: Georgia, 'Times New Roman', 'Bitstream Charter', Times, serif;\"><span style=\"font-size: medium;\"><b>Quer\u00e9taro | 12<\/b><\/span><\/span><\/span><\/strong><\/p>\n<table border=\"0\" cellspacing=\"0\" cellpadding=\"2\">\n<colgroup>\n<col \/>\n<col \/>\n<col \/> <\/colgroup>\n<tbody>\n<tr>\n<td width=\"202\"><strong><span style=\"color: #ff0000;\"><span style=\"font-family: inherit;\"><b>Jugador<\/b><\/span><\/span><\/strong><\/td>\n<td width=\"215\"><strong><span style=\"color: #ff0000;\"><span style=\"font-family: inherit;\"><b>Lugar de Nacimiento<\/b><\/span><\/span><\/strong><\/td>\n<td width=\"205\"><strong><span style=\"color: #ff0000;\"><span style=\"font-family: inherit;\"><b>Estatus en Liga MX<\/b><\/span><\/span><\/strong><\/td>\n<\/tr>\n<tr>\n<td width=\"202\"><span style=\"font-family: inherit;\">Tiago Volpi<\/span><\/td>\n<td width=\"215\"><span style=\"font-family: inherit;\">Brasil<\/span><\/td>\n<td width=\"205\"><span style=\"font-family: inherit;\">Extranjero<\/span><\/td>\n<\/tr>\n<tr>\n<td width=\"202\"><span style=\"font-family: inherit;\">Miguel Mart\u00ednez<\/span><\/td>\n<td width=\"215\"><span style=\"font-family: inherit;\">Argentina<\/span><\/td>\n<td width=\"205\"><span style=\"font-family: inherit;\">Naturalizado<\/span><\/td>\n<\/tr>\n<tr>\n<td width=\"202\"><span style=\"font-family: inherit;\">Wilson Tiago<\/span><\/td>\n<td width=\"215\"><span style=\"font-family: inherit;\">Brasil<\/span><\/td>\n<td width=\"205\"><span style=\"font-family: inherit;\">Naturalizado<\/span><\/td>\n<\/tr>\n<tr>\n<td width=\"202\"><span style=\"font-family: inherit;\">Camilo Sanvezzo<\/span><\/td>\n<td width=\"215\"><span style=\"font-family: inherit;\">Brasil<\/span><\/td>\n<td width=\"205\"><span style=\"font-family: inherit;\">Extranjero<\/span><\/td>\n<\/tr>\n<tr>\n<td width=\"202\"><span style=\"font-family: inherit;\">Danilinho<\/span><\/td>\n<td width=\"215\"><span style=\"font-family: inherit;\">Brasil<\/span><\/td>\n<td width=\"205\"><span style=\"font-family: inherit;\">Naturalizado<\/span><\/td>\n<\/tr>\n<tr>\n<td width=\"202\"><span style=\"font-family: inherit;\">Edgar Ben\u00edtez<\/span><\/td>\n<td width=\"215\"><span style=\"font-family: inherit;\">Paraguay<\/span><\/td>\n<td width=\"205\"><span style=\"font-family: inherit;\">Naturalizado<\/span><\/td>\n<\/tr>\n<tr>\n<td width=\"202\"><span style=\"font-family: inherit;\">Antonio Naelson<\/span><\/td>\n<td width=\"215\"><span style=\"font-family: inherit;\">Brasil<\/span><\/td>\n<td width=\"205\"><span style=\"font-family: inherit;\">Naturalizado<\/span><\/td>\n<\/tr>\n<tr>\n<td width=\"202\"><span style=\"font-family: inherit;\">William Da Silva<\/span><\/td>\n<td width=\"215\"><span style=\"font-family: inherit;\">Brasil<\/span><\/td>\n<td width=\"205\"><span style=\"font-family: inherit;\">Extranjero<\/span><\/td>\n<\/tr>\n<tr>\n<td width=\"202\"><span style=\"font-family: inherit;\">Jonathan Bornstein<\/span><\/td>\n<td width=\"215\"><span style=\"font-family: inherit;\">Estados Unidos<\/span><\/td>\n<td width=\"205\"><span style=\"font-family: inherit;\">Doble nacionalidad<\/span><\/td>\n<\/tr>\n<tr>\n<td width=\"202\"><span style=\"font-family: inherit;\">Emanuel Villa<\/span><\/td>\n<td width=\"215\"><span style=\"font-family: inherit;\">Argentina<\/span><\/td>\n<td width=\"205\"><span style=\"font-family: inherit;\">Naturalizado<\/span><\/td>\n<\/tr>\n<tr>\n<td width=\"202\"><span style=\"font-family: inherit;\">Juan Forl\u00edn<\/span><\/td>\n<td width=\"215\"><span style=\"font-family: inherit;\">Argentina<\/span><\/td>\n<td width=\"205\"><span style=\"font-family: inherit;\">Extranjero<\/span><\/td>\n<\/tr>\n<tr>\n<td width=\"202\"><span style=\"font-family: inherit;\">Yerson Candelo<\/span><\/td>\n<td width=\"215\"><span style=\"font-family: inherit;\">Colombia<\/span><\/td>\n<td width=\"205\"><span style=\"font-family: inherit;\">Extranjero<\/span><\/td>\n<\/tr>\n<\/tbody>\n<\/table>\n<p><strong><span style=\"color: #333333;\"><span style=\"font-family: Georgia, 'Times New Roman', 'Bitstream Charter', Times, serif;\"><span style=\"font-size: medium;\"><b>Santos | 6<\/b><\/span><\/span><\/span><\/strong><\/p>\n<table border=\"0\" cellspacing=\"0\" cellpadding=\"2\">\n<colgroup>\n<col \/>\n<col \/>\n<col \/> <\/colgroup>\n<tbody>\n<tr>\n<td width=\"202\"><strong><span style=\"color: #ff0000;\"><span style=\"font-family: inherit;\"><b>Jugador<\/b><\/span><\/span><\/strong><\/td>\n<td width=\"215\"><strong><span style=\"color: #ff0000;\"><span style=\"font-family: inherit;\"><b>Lugar de Nacimiento<\/b><\/span><\/span><\/strong><\/td>\n<td width=\"205\"><strong><span style=\"color: #ff0000;\"><span style=\"font-family: inherit;\"><b>Estatus en Liga MX<\/b><\/span><\/span><\/strong><\/td>\n<\/tr>\n<tr>\n<td width=\"202\"><span style=\"font-family: inherit;\">Agust\u00edn Marches\u00edn<\/span><\/td>\n<td width=\"215\"><span style=\"font-family: inherit;\">Argentina<\/span><\/td>\n<td width=\"205\"><span style=\"font-family: inherit;\">Extranjero<\/span><\/td>\n<\/tr>\n<tr>\n<td width=\"202\"><span style=\"font-family: inherit;\">Andr\u00e9s Renter\u00eda<\/span><\/td>\n<td width=\"215\"><span style=\"font-family: inherit;\">Colombia<\/span><\/td>\n<td width=\"205\"><span style=\"font-family: inherit;\">Naturalizado<\/span><\/td>\n<\/tr>\n<tr>\n<td width=\"202\"><span style=\"font-family: inherit;\">Diego Gonz\u00e1lez<\/span><\/td>\n<td width=\"215\"><span style=\"font-family: inherit;\">Argentina<\/span><\/td>\n<td width=\"205\"><span style=\"font-family: inherit;\">Extranjero<\/span><\/td>\n<\/tr>\n<tr>\n<td width=\"202\"><span style=\"font-family: inherit;\">Bryan Rabello<\/span><\/td>\n<td width=\"215\"><span style=\"font-family: inherit;\">Chile<\/span><\/td>\n<td width=\"205\"><span style=\"font-family: inherit;\">Extranjero<\/span><\/td>\n<\/tr>\n<tr>\n<td width=\"202\"><span style=\"font-family: inherit;\">Djaniny Tavares<\/span><\/td>\n<td width=\"215\"><span style=\"font-family: inherit;\">Cabo Verde<\/span><\/td>\n<td width=\"205\"><span style=\"font-family: inherit;\">Extranjero<\/span><\/td>\n<\/tr>\n<tr>\n<td width=\"202\"><span style=\"font-family: inherit;\">Carlos Izquierdoz<\/span><\/td>\n<td width=\"215\"><span style=\"font-family: inherit;\">Argentina<\/span><\/td>\n<td width=\"205\"><span style=\"font-family: inherit;\">Extranjero<\/span><\/td>\n<\/tr>\n<\/tbody>\n<\/table>\n<p><strong><span style=\"color: #333333;\"><span style=\"font-family: Georgia, 'Times New Roman', 'Bitstream Charter', Times, serif;\"><span style=\"font-size: medium;\"><b>Tigres | 10<\/b><\/span><\/span><\/span><\/strong><\/p>\n<table border=\"0\" cellspacing=\"0\" cellpadding=\"2\">\n<colgroup>\n<col \/>\n<col \/>\n<col \/> <\/colgroup>\n<tbody>\n<tr>\n<td width=\"202\"><strong><span style=\"color: #ff0000;\"><span style=\"font-family: inherit;\"><b>Jugador<\/b><\/span><\/span><\/strong><\/td>\n<td width=\"215\"><strong><span style=\"color: #ff0000;\"><span style=\"font-family: inherit;\"><b>Lugar de Nacimiento<\/b><\/span><\/span><\/strong><\/td>\n<td width=\"205\"><strong><span style=\"color: #ff0000;\"><span style=\"font-family: inherit;\"><b>Estatus en Liga MX<\/b><\/span><\/span><\/strong><\/td>\n<\/tr>\n<tr>\n<td width=\"202\"><span style=\"font-family: inherit;\">Nahuel Guzm\u00e1n<\/span><\/td>\n<td width=\"215\"><span style=\"font-family: inherit;\">Argentina<\/span><\/td>\n<td width=\"205\"><span style=\"font-family: inherit;\">Extranjero<\/span><\/td>\n<\/tr>\n<tr>\n<td width=\"202\"><span style=\"font-family: inherit;\">Juninho<\/span><\/td>\n<td width=\"215\"><span style=\"font-family: inherit;\">Brasil<\/span><\/td>\n<td width=\"205\"><span style=\"font-family: inherit;\">Naturalizado<\/span><\/td>\n<\/tr>\n<tr>\n<td width=\"202\"><span style=\"font-family: inherit;\">Egidio Ar\u00e9valo<\/span><\/td>\n<td width=\"215\"><span style=\"font-family: inherit;\">Uruguay<\/span><\/td>\n<td width=\"205\"><span style=\"font-family: inherit;\">Naturalizado<\/span><\/td>\n<\/tr>\n<tr>\n<td width=\"202\"><span style=\"font-family: inherit;\">Joffre Guerr\u00f3n<\/span><\/td>\n<td width=\"215\"><span style=\"font-family: inherit;\">Ecuador<\/span><\/td>\n<td width=\"205\"><span style=\"font-family: inherit;\">Extranjero<\/span><\/td>\n<\/tr>\n<tr>\n<td width=\"202\"><span style=\"font-family: inherit;\">Rafael S\u00f3bis<\/span><\/td>\n<td width=\"215\"><span style=\"font-family: inherit;\">Brasil<\/span><\/td>\n<td width=\"205\"><span style=\"font-family: inherit;\">Extranjero<\/span><\/td>\n<\/tr>\n<tr>\n<td width=\"202\"><span style=\"font-family: inherit;\">Andr\u00e9-Pierre Gignac<\/span><\/td>\n<td width=\"215\"><span style=\"font-family: inherit;\">Francia<\/span><\/td>\n<td width=\"205\"><span style=\"font-family: inherit;\">Extranjero<\/span><\/td>\n<\/tr>\n<tr>\n<td width=\"202\"><span style=\"font-family: inherit;\">Jos\u00e9 Francisco Torres<\/span><\/td>\n<td width=\"215\"><span style=\"font-family: inherit;\">Estados Unidos<\/span><\/td>\n<td width=\"205\"><span style=\"font-family: inherit;\">Doble nacionalidad<\/span><\/td>\n<\/tr>\n<tr>\n<td width=\"202\"><span style=\"font-family: inherit;\">Guido Pizarro<\/span><\/td>\n<td width=\"215\"><span style=\"font-family: inherit;\">Argentina<\/span><\/td>\n<td width=\"205\"><span style=\"font-family: inherit;\">Naturalizado<\/span><\/td>\n<\/tr>\n<tr>\n<td width=\"202\"><span style=\"font-family: inherit;\">Ikechukwu Uche<\/span><\/td>\n<td width=\"215\"><span style=\"font-family: inherit;\">Nigeria<\/span><\/td>\n<td width=\"205\"><span style=\"font-family: inherit;\">Extranjero<\/span><\/td>\n<\/tr>\n<tr>\n<td width=\"202\"><span style=\"font-family: inherit;\">Dami\u00e1n \u00c1lvarez<\/span><\/td>\n<td width=\"215\"><span style=\"font-family: inherit;\">Argentina<\/span><\/td>\n<td width=\"205\"><span style=\"font-family: inherit;\">Naturalizado<\/span><\/td>\n<\/tr>\n<\/tbody>\n<\/table>\n<p><strong><span style=\"color: #333333;\"><span style=\"font-family: Georgia, 'Times New Roman', 'Bitstream Charter', Times, serif;\"><span style=\"font-size: medium;\"><b>Toluca | 7<\/b><\/span><\/span><\/span><\/strong><\/p>\n<table border=\"0\" cellspacing=\"0\" cellpadding=\"2\">\n<colgroup>\n<col \/>\n<col \/>\n<col \/> <\/colgroup>\n<tbody>\n<tr>\n<td width=\"202\"><strong><span style=\"color: #ff0000;\"><span style=\"font-family: inherit;\"><b>Jugador<\/b><\/span><\/span><\/strong><\/td>\n<td width=\"215\"><strong><span style=\"color: #ff0000;\"><span style=\"font-family: inherit;\"><b>Lugar de Nacimiento<\/b><\/span><\/span><\/strong><\/td>\n<td width=\"205\"><strong><span style=\"color: #ff0000;\"><span style=\"font-family: inherit;\"><b>Estatus en Liga MX<\/b><\/span><\/span><\/strong><\/td>\n<\/tr>\n<tr>\n<td width=\"202\"><span style=\"font-family: inherit;\">Paulo da Silva<\/span><\/td>\n<td width=\"215\"><span style=\"font-family: inherit;\">Paraguay<\/span><\/td>\n<td width=\"205\">Extranjero<\/td>\n<\/tr>\n<tr>\n<td width=\"202\"><span style=\"font-family: inherit;\">Nicol\u00e1s Saucedo<\/span><\/td>\n<td width=\"215\"><span style=\"font-family: inherit;\">Argentina<\/span><\/td>\n<td width=\"205\">Naturalizado<\/td>\n<\/tr>\n<tr>\n<td width=\"202\"><span style=\"font-family: inherit;\">Lucas Lobos<\/span><\/td>\n<td width=\"215\"><span style=\"font-family: inherit;\">Argentina<\/span><\/td>\n<td width=\"205\"><span style=\"font-family: inherit;\">Naturalizado<\/span><\/td>\n<\/tr>\n<tr>\n<td width=\"202\"><span style=\"font-family: inherit;\">Dar\u00edo Bottinelli<\/span><\/td>\n<td width=\"215\"><span style=\"font-family: inherit;\">Argentina<\/span><\/td>\n<td width=\"205\"><span style=\"font-family: inherit;\">Extranjero<\/span><\/td>\n<\/tr>\n<tr>\n<td width=\"202\"><span style=\"font-family: inherit;\">Fernando Uribe<\/span><\/td>\n<td width=\"215\"><span style=\"font-family: inherit;\">Colombia<\/span><\/td>\n<td width=\"205\"><span style=\"font-family: inherit;\">Extranjero<\/span><\/td>\n<\/tr>\n<tr>\n<td width=\"202\"><span style=\"font-family: inherit;\">Enrique Triverio<\/span><\/td>\n<td width=\"215\"><span style=\"font-family: inherit;\">Argentina<\/span><\/td>\n<td width=\"205\"><span style=\"font-family: inherit;\">Extranjero<\/span><\/td>\n<\/tr>\n<tr>\n<td width=\"202\"><span style=\"font-family: inherit;\">Christian Cueva<\/span><\/td>\n<td width=\"215\"><span style=\"font-family: inherit;\">Per\u00fa<\/span><\/td>\n<td width=\"205\"><span style=\"font-family: inherit;\">Extranjero<\/span><\/td>\n<\/tr>\n<\/tbody>\n<\/table>\n<p><strong><span style=\"color: #333333;\"><span style=\"font-family: Georgia, 'Times New Roman', 'Bitstream Charter', Times, serif;\"><span style=\"font-size: medium;\"><b>Xolos |13<\/b><\/span><\/span><\/span><\/strong><\/p>\n<table border=\"0\" cellspacing=\"0\" cellpadding=\"2\">\n<colgroup>\n<col \/>\n<col \/>\n<col \/> <\/colgroup>\n<tbody>\n<tr>\n<td width=\"202\"><strong><span style=\"color: #ff0000;\"><span style=\"font-family: inherit;\"><b>Jugador<\/b><\/span><\/span><\/strong><\/td>\n<td width=\"215\"><strong><span style=\"color: #ff0000;\"><span style=\"font-family: inherit;\"><b>Lugar de Nacimiento<\/b><\/span><\/span><\/strong><\/td>\n<td width=\"205\"><strong><span style=\"color: #ff0000;\"><span style=\"font-family: inherit;\"><b>Estatus en Liga MX<\/b><\/span><\/span><\/strong><\/td>\n<\/tr>\n<tr>\n<td width=\"202\"><span style=\"font-family: inherit;\">Leiton Jim\u00e9nez<\/span><\/td>\n<td width=\"215\"><span style=\"font-family: inherit;\">Colombia<\/span><\/td>\n<td width=\"205\"><span style=\"font-family: inherit;\">Naturalizado<\/span><\/td>\n<\/tr>\n<tr>\n<td width=\"202\"><span style=\"font-family: inherit;\">Javier Gandolfi<\/span><\/td>\n<td width=\"215\"><span style=\"font-family: inherit;\">Argentina<\/span><\/td>\n<td width=\"205\"><span style=\"font-family: inherit;\">Naturalizado<\/span><\/td>\n<\/tr>\n<tr>\n<td width=\"202\"><span style=\"font-family: inherit;\">Gabriel Hauche<\/span><\/td>\n<td width=\"215\"><span style=\"font-family: inherit;\">Argentina<\/span><\/td>\n<td width=\"205\"><span style=\"font-family: inherit;\">Extranjero<\/span><\/td>\n<\/tr>\n<tr>\n<td width=\"202\"><span style=\"font-family: inherit;\">Alfredo Moreno<\/span><\/td>\n<td width=\"215\"><span style=\"font-family: inherit;\">Argentina<\/span><\/td>\n<td width=\"205\"><span style=\"font-family: inherit;\">Naturalizado<\/span><\/td>\n<\/tr>\n<tr>\n<td width=\"202\"><span style=\"font-family: inherit;\">Humberto Osorio<\/span><\/td>\n<td width=\"215\"><span style=\"font-family: inherit;\">Colombia<\/span><\/td>\n<td width=\"205\"><span style=\"font-family: inherit;\">Extranjero<\/span><\/td>\n<\/tr>\n<tr>\n<td width=\"202\"><span style=\"font-family: inherit;\">Michael Orozco<\/span><\/td>\n<td width=\"215\"><span style=\"font-family: inherit;\">Estados Unidos<\/span><\/td>\n<td width=\"205\"><span style=\"font-family: inherit;\">Doble nacionalidad<\/span><\/td>\n<\/tr>\n<tr>\n<td width=\"202\"><span style=\"font-family: inherit;\">Dayro Moreno<\/span><\/td>\n<td width=\"215\"><span style=\"font-family: inherit;\">Colombia<\/span><\/td>\n<td width=\"205\"><span style=\"font-family: inherit;\">Extranjero<\/span><\/td>\n<\/tr>\n<tr>\n<td width=\"202\"><span style=\"font-family: inherit;\">Juan Arango<\/span><\/td>\n<td width=\"215\"><span style=\"font-family: inherit;\">Venezuela<\/span><\/td>\n<td width=\"205\"><span style=\"font-family: inherit;\">Extranjero<\/span><\/td>\n<\/tr>\n<tr>\n<td width=\"202\"><span style=\"font-family: inherit;\">Felipe Flores<\/span><\/td>\n<td width=\"215\"><span style=\"font-family: inherit;\">Chile<\/span><\/td>\n<td width=\"205\"><span style=\"font-family: inherit;\">Extranjero<\/span><\/td>\n<\/tr>\n<tr>\n<td width=\"202\"><span style=\"font-family: inherit;\">Alejandro Guido<\/span><\/td>\n<td width=\"215\"><span style=\"font-family: inherit;\">Estados Unidos<\/span><\/td>\n<td width=\"205\"><span style=\"font-family: inherit;\">Doble nacionalidad<\/span><\/td>\n<\/tr>\n<tr>\n<td width=\"202\"><span style=\"font-family: inherit;\">Federico Vilar<\/span><\/td>\n<td width=\"215\"><span style=\"font-family: inherit;\">Argentina<\/span><\/td>\n<td width=\"205\"><span style=\"font-family: inherit;\">Naturalizado<\/span><\/td>\n<\/tr>\n<tr>\n<td width=\"202\"><span style=\"font-family: inherit;\">Esteban Rodr\u00edguez<\/span><\/td>\n<td width=\"215\"><span style=\"font-family: inherit;\">Estados Unidos<\/span><\/td>\n<td width=\"205\"><span style=\"font-family: inherit;\">Doble nacionalidad<\/span><\/td>\n<\/tr>\n<tr>\n<td width=\"202\"><span style=\"font-family: inherit;\">Paul Arriola<\/span><\/td>\n<td width=\"215\"><span style=\"font-family: inherit;\">Estados Unidos<\/span><\/td>\n<td width=\"205\"><span style=\"font-family: inherit;\">Doble nacionalidad<\/span><\/td>\n<\/tr>\n<\/tbody>\n<\/table>\n<p><strong><span style=\"color: #333333;\"><span style=\"font-family: Georgia, 'Times New Roman', 'Bitstream Charter', Times, serif;\"><span style=\"font-size: medium;\"><b>Veracruz | 7<\/b><\/span><\/span><\/span><\/strong><\/p>\n<table border=\"0\" cellspacing=\"0\" cellpadding=\"2\">\n<colgroup>\n<col \/>\n<col \/>\n<col \/> <\/colgroup>\n<tbody>\n<tr>\n<td width=\"202\"><strong><span style=\"color: #ff0000;\"><span style=\"font-family: inherit;\"><b>Jugador<\/b><\/span><\/span><\/strong><\/td>\n<td width=\"215\"><strong><span style=\"color: #ff0000;\"><span style=\"font-family: inherit;\"><b>Lugar de Nacimiento<\/b><\/span><\/span><\/strong><\/td>\n<td width=\"205\"><strong><span style=\"color: #ff0000;\"><span style=\"font-family: inherit;\"><b>Estatus en Liga MX<\/b><\/span><\/span><\/strong><\/td>\n<\/tr>\n<tr>\n<td width=\"202\"><span style=\"font-family: inherit;\">Gabriel Pe\u00f1alba<\/span><\/td>\n<td width=\"215\"><span style=\"font-family: inherit;\">Argentina<\/span><\/td>\n<td width=\"205\"><span style=\"font-family: inherit;\">Extranjero<\/span><\/td>\n<\/tr>\n<tr>\n<td width=\"202\"><span style=\"font-family: inherit;\">Daniel Villalva<\/span><\/td>\n<td width=\"215\"><span style=\"font-family: inherit;\">Argentina<\/span><\/td>\n<td width=\"205\"><span style=\"font-family: inherit;\">Extranjero<\/span><\/td>\n<\/tr>\n<tr>\n<td width=\"202\"><span style=\"font-family: inherit;\">Juan \u00c1ngel Alb\u00edn<\/span><\/td>\n<td width=\"215\"><span style=\"font-family: inherit;\">Uruguay<\/span><\/td>\n<td width=\"205\"><span style=\"font-family: inherit;\">Extranjero<\/span><\/td>\n<\/tr>\n<tr>\n<td width=\"202\"><span style=\"font-family: inherit;\">Julio C\u00e9sar Furch<\/span><\/td>\n<td width=\"215\"><span style=\"font-family: inherit;\">Argentina<\/span><\/td>\n<td width=\"205\"><span style=\"font-family: inherit;\">Extranjero<\/span><\/td>\n<\/tr>\n<tr>\n<td width=\"202\"><span style=\"font-family: inherit;\">Joe Corona<\/span><\/td>\n<td width=\"215\"><span style=\"font-family: inherit;\">Estados Unidos<\/span><\/td>\n<td width=\"205\"><span style=\"font-family: inherit;\">Doble nacionalidad<\/span><\/td>\n<\/tr>\n<tr>\n<td width=\"202\"><span style=\"font-family: inherit;\">Fernando Meneses<\/span><\/td>\n<td width=\"215\"><span style=\"font-family: inherit;\">Chile<\/span><\/td>\n<td width=\"205\"><span style=\"font-family: inherit;\">Extranjero<\/span><\/td>\n<\/tr>\n<tr>\n<td width=\"202\"><span style=\"font-family: inherit;\">Rodrigo Noya<\/span><\/td>\n<td width=\"215\"><span style=\"font-family: inherit;\">Argentina<\/span><\/td>\n<td width=\"205\"><span style=\"font-family: inherit;\">Naturalizado<\/span><\/td>\n<\/tr>\n<\/tbody>\n<\/table>\n<p><span style=\"color: #ff0000;\">Video: 5 mejores goles de la jornada 9<\/span><br \/>\n[video_player]https:\/\/player.vimeo.com\/external\/139961358.hd.mp4?s=82e6a1af60960a2772db4fb6519a4b98&amp;profile_id=113[\/video_player]<\/p>\n","protected":false},"excerpt":{"rendered":"<p>154 jugadores en esta condici\u00f3n est\u00e1n registrados en el Apertura 2015<\/p>\n","protected":false},"author":20,"featured_media":315014,"comment_status":"open","ping_status":"open","sticky":false,"template":"","format":"standard","meta":[],"categories":[2198,3845],"tags":[6202,64,74],"_links":{"self":[{"href":"http:\/\/desarrollo.grupomedios.com\/futbol\/wp-json\/wp\/v2\/posts\/315013"}],"collection":[{"href":"http:\/\/desarrollo.grupomedios.com\/futbol\/wp-json\/wp\/v2\/posts"}],"about":[{"href":"http:\/\/desarrollo.grupomedios.com\/futbol\/wp-json\/wp\/v2\/types\/post"}],"author":[{"embeddable":true,"href":"http:\/\/desarrollo.grupomedios.com\/futbol\/wp-json\/wp\/v2\/users\/20"}],"replies":[{"embeddable":true,"href":"http:\/\/desarrollo.grupomedios.com\/futbol\/wp-json\/wp\/v2\/comments?post=315013"}],"version-history":[{"count":0,"href":"http:\/\/desarrollo.grupomedios.com\/futbol\/wp-json\/wp\/v2\/posts\/315013\/revisions"}],"wp:featuredmedia":[{"embeddable":true,"href":"http:\/\/desarrollo.grupomedios.com\/futbol\/wp-json\/wp\/v2\/media\/315014"}],"wp:attachment":[{"href":"http:\/\/desarrollo.grupomedios.com\/futbol\/wp-json\/wp\/v2\/media?parent=315013"}],"wp:term":[{"taxonomy":"category","embeddable":true,"href":"http:\/\/desarrollo.grupomedios.com\/futbol\/wp-json\/wp\/v2\/categories?post=315013"},{"taxonomy":"post_tag","embeddable":true,"href":"http:\/\/desarrollo.grupomedios.com\/futbol\/wp-json\/wp\/v2\/tags?post=315013"}],"curies":[{"name":"wp","href":"https:\/\/api.w.org\/{rel}","templated":true}]}}