{"id":315023,"date":"2015-09-22T18:20:59","date_gmt":"2015-09-22T23:20:59","guid":{"rendered":"http:\/\/futboltotal.com.mx\/?p=315023"},"modified":"2015-09-22T18:20:59","modified_gmt":"2015-09-22T23:20:59","slug":"uche-podria-debutar-con-tigres-en-concachampions","status":"publish","type":"post","link":"http:\/\/desarrollo.grupomedios.com\/futbol\/futbol-mexicano\/uche-podria-debutar-con-tigres-en-concachampions\/2015\/09","title":{"rendered":"Uche podr\u00eda debutar con Tigres en Concachampions"},"content":{"rendered":"<p>Previo al Apertura 2015, <a href=\"http:\/\/futboltotal.com.mx\/equipos\/tigres\/\" target=\"_blank\"><strong>Tigres<\/strong><\/a> solt\u00f3 las bombas medi\u00e1ticas con sus contrataciones, una de ellas fue la del nigeriano <strong>Ikechukwu Uche<\/strong>. Con el torneo a mitad de su camino, el delantero sigue sin debutar a causa de las lesiones, sin embargo, la visita que har\u00e1n los <em>Felinos<\/em> a la casa del <strong>Isidro Metap\u00e1n<\/strong> en la quinta jornada de la <a href=\"http:\/\/futboltotal.com.mx\/estadisticas\/estadisticas-concachampions\/\" target=\"_blank\"><strong>Concachampions<\/strong><\/a> podr\u00eda servir como escenario para que el africano se presente como jugador de los regios.<\/p>\n<p>La cita ser\u00e1 este jueves en punto de las 21:00 horas en el estadio Jorge Calero, para el compromiso Ricardo Ferretti sorprendi\u00f3 no solo con la convocatoria del ex artillero del Villarreal, sino porque solo se llev\u00f3 a 15 elementos de su plantel.<\/p>\n<blockquote class=\"twitter-tweet\" lang=\"es\">\n<p dir=\"ltr\" lang=\"es\">Lista de convocados para hacer el viaje a El Salvador, de cara al partido ante el Isidro Metapan. <a href=\"http:\/\/t.co\/2dBNzNyxFx\">pic.twitter.com\/2dBNzNyxFx<\/a><\/p>\n<p>\u2014 CLUB TIGRES OFICIAL (@TigresOficial) <a href=\"https:\/\/twitter.com\/TigresOficial\/status\/646449925534781440\">septiembre 22, 2015<\/a><\/p><\/blockquote>\n<p><script src=\"\/\/platform.twitter.com\/widgets.js\" async=\"\" charset=\"utf-8\"><\/script><\/p>\n<p><strong>Tigres<\/strong> necesita ganar para mantenerse con vida en la <strong>Concachampions<\/strong>, pues de momento marcha en el segundo puesto del Grupo 2 con cuatro unidades, solo abajo del Herediano por diferencia de goles.<\/p>\n<p style=\"text-align: center;\"><span style=\"color: #3366ff;\"><strong><a style=\"color: #3366ff;\" href=\"http:\/\/futboltotal.com.mx\/2015\/09\/5-peores-extranjeros-del-apertura-2015\/\" target=\"_blank\">LEER M\u00c1S: 5 peores extranjeros del Apertura 2015<\/a><\/strong><\/span><\/p>\n<p>Para el cotejo frente al <strong>Isidro Metap\u00e1n<\/strong>, <em>Tuca<\/em> Ferretti llev\u00f3 a su cuadro alternativo, donde destaca la presencia de Gerardo Lugo y los j\u00f3venes Uvaldo Luna y Jonathan Espericueta.<\/p>\n<p><em>Crack<\/em>, \u00bfcu\u00e1l es tu pron\u00f3stico para el <strong>Isidro Metap\u00e1n vs. Tigres<\/strong>?<\/p>\n<p><span style=\"color: #ff0000;\">Video: 5 mejores goles de la jornada 9<\/span><br \/>\n[video_player]https:\/\/player.vimeo.com\/external\/139961358.hd.mp4?s=82e6a1af60960a2772db4fb6519a4b98&amp;profile_id=113[\/video_player]<\/p>\n","protected":false},"excerpt":{"rendered":"<p>Ricardo Ferretti solo convoc\u00f3 a 15 felinos para el partido <\/p>\n","protected":false},"author":20,"featured_media":315024,"comment_status":"open","ping_status":"open","sticky":false,"template":"","format":"standard","meta":[],"categories":[5398,3839,2198],"tags":[3182,5973],"_links":{"self":[{"href":"http:\/\/desarrollo.grupomedios.com\/futbol\/wp-json\/wp\/v2\/posts\/315023"}],"collection":[{"href":"http:\/\/desarrollo.grupomedios.com\/futbol\/wp-json\/wp\/v2\/posts"}],"about":[{"href":"http:\/\/desarrollo.grupomedios.com\/futbol\/wp-json\/wp\/v2\/types\/post"}],"author":[{"embeddable":true,"href":"http:\/\/desarrollo.grupomedios.com\/futbol\/wp-json\/wp\/v2\/users\/20"}],"replies":[{"embeddable":true,"href":"http:\/\/desarrollo.grupomedios.com\/futbol\/wp-json\/wp\/v2\/comments?post=315023"}],"version-history":[{"count":0,"href":"http:\/\/desarrollo.grupomedios.com\/futbol\/wp-json\/wp\/v2\/posts\/315023\/revisions"}],"wp:featuredmedia":[{"embeddable":true,"href":"http:\/\/desarrollo.grupomedios.com\/futbol\/wp-json\/wp\/v2\/media\/315024"}],"wp:attachment":[{"href":"http:\/\/desarrollo.grupomedios.com\/futbol\/wp-json\/wp\/v2\/media?parent=315023"}],"wp:term":[{"taxonomy":"category","embeddable":true,"href":"http:\/\/desarrollo.grupomedios.com\/futbol\/wp-json\/wp\/v2\/categories?post=315023"},{"taxonomy":"post_tag","embeddable":true,"href":"http:\/\/desarrollo.grupomedios.com\/futbol\/wp-json\/wp\/v2\/tags?post=315023"}],"curies":[{"name":"wp","href":"https:\/\/api.w.org\/{rel}","templated":true}]}}