{"id":315086,"date":"2015-09-22T23:29:05","date_gmt":"2015-09-23T04:29:05","guid":{"rendered":"http:\/\/futboltotal.com.mx\/?p=315086"},"modified":"2015-09-22T23:31:11","modified_gmt":"2015-09-23T04:31:11","slug":"el-oso-que-le-dara-la-vuelta-al-mundo","status":"publish","type":"post","link":"http:\/\/desarrollo.grupomedios.com\/futbol\/videos\/el-oso-que-le-dara-la-vuelta-al-mundo\/2015\/09","title":{"rendered":"El oso que le dar\u00e1 la vuelta al mundo"},"content":{"rendered":"<p>El portero del <strong>Zacatepec<\/strong>,\u00a0<strong>Enrique Caso<\/strong>, fue el autor del\u00a0oso que le dar\u00e1 la vuelta al mundo.<\/p>\n<p><iframe loading=\"lazy\" src=\"https:\/\/www.youtube.com\/embed\/1B_RZgcRbmI\" frameborder=\"0\" allowfullscreen=\"allowfullscreen\"><\/iframe><\/p>\n<p>En\u00a0el minuto 48 del\u00a0juego\u00a0entre <strong>Necaxa<\/strong> y <strong>Zacatepec<\/strong>,\u00a0correspondiente a la \u00faltima jornada de la <a href=\"http:\/\/futboltotal.com.mx\/2015\/09\/copa-mx-calificados-al-momento\/\">Fase de Grupos de la <strong>Copa MX<\/strong><\/a>,\u00a0el arquero de los <em>Ca\u00f1eros<\/em>, <strong>Javier Caso<\/strong>, despej\u00f3 el bal\u00f3n con la mano, pero inexplicablemente\u00a0el esf\u00e9rico\u00a0peg\u00f3 en la cabeza a Rodrigo Prieto, delantero de los <em>Rayos<\/em>, y la caprichosa redonda\u00a0se fue al fondo de la porter\u00eda decretando el 1-1 parcial.<\/p>\n<p style=\"text-align: center;\"><span style=\"color: #3366ff;\"><strong><a style=\"color: #3366ff;\" href=\"http:\/\/futboltotal.com.mx\/2015\/09\/copa-mx-calificados-al-momento\/\">LEER M\u00c1S: Copa MX | Calificados al momento\u2026<\/a><\/strong><\/span><\/p>\n<p>Los <em>Rayos<\/em> del Necaxa cerraron su participaci\u00f3n en la <strong>Copa MX<\/strong> con victoria de 3-1 en la cancha del estadio Victoria.<\/p>\n<p>Por los <em>hidroc\u00e1lidos<\/em> anot\u00f3 Rodrigo Prieto al minuto 48, tras el grand\u00edsimo oso del portero de <strong>Zacatepec<\/strong>,\u00a0Jes\u00fas Isijara al 67&#8242; y Kevin Chaurand al 70&#8242;. Por los morelenses anot\u00f3 Diego Calder\u00f3n al 13&#8242;.<\/p>\n<p>Este resultado dej\u00f3 a los necaxistas con cuatro puntos en el \u00faltimo lugar del Grupo 5, mientras que los <em>Ca\u00f1eros<\/em> terminan su actuaci\u00f3n con cinco unidades,\u00a0en el tercer pelda\u00f1o del mismo sector. Ambos equipos quedaron eliminados de\u00a0la <strong>Copa MX<\/strong>.<\/p>\n","protected":false},"excerpt":{"rendered":"<p>El portero del Zacatepec cometi\u00f3 un inexplicable error en la Copa MX<\/p>\n","protected":false},"author":20,"featured_media":315091,"comment_status":"open","ping_status":"open","sticky":false,"template":"","format":"standard","meta":[],"categories":[4247,2198,4],"tags":[285,2844],"_links":{"self":[{"href":"http:\/\/desarrollo.grupomedios.com\/futbol\/wp-json\/wp\/v2\/posts\/315086"}],"collection":[{"href":"http:\/\/desarrollo.grupomedios.com\/futbol\/wp-json\/wp\/v2\/posts"}],"about":[{"href":"http:\/\/desarrollo.grupomedios.com\/futbol\/wp-json\/wp\/v2\/types\/post"}],"author":[{"embeddable":true,"href":"http:\/\/desarrollo.grupomedios.com\/futbol\/wp-json\/wp\/v2\/users\/20"}],"replies":[{"embeddable":true,"href":"http:\/\/desarrollo.grupomedios.com\/futbol\/wp-json\/wp\/v2\/comments?post=315086"}],"version-history":[{"count":0,"href":"http:\/\/desarrollo.grupomedios.com\/futbol\/wp-json\/wp\/v2\/posts\/315086\/revisions"}],"wp:featuredmedia":[{"embeddable":true,"href":"http:\/\/desarrollo.grupomedios.com\/futbol\/wp-json\/wp\/v2\/media\/315091"}],"wp:attachment":[{"href":"http:\/\/desarrollo.grupomedios.com\/futbol\/wp-json\/wp\/v2\/media?parent=315086"}],"wp:term":[{"taxonomy":"category","embeddable":true,"href":"http:\/\/desarrollo.grupomedios.com\/futbol\/wp-json\/wp\/v2\/categories?post=315086"},{"taxonomy":"post_tag","embeddable":true,"href":"http:\/\/desarrollo.grupomedios.com\/futbol\/wp-json\/wp\/v2\/tags?post=315086"}],"curies":[{"name":"wp","href":"https:\/\/api.w.org\/{rel}","templated":true}]}}