{"id":315098,"date":"2015-09-23T08:32:57","date_gmt":"2015-09-23T13:32:57","guid":{"rendered":"http:\/\/futboltotal.com.mx\/?p=315098"},"modified":"2015-09-23T08:33:06","modified_gmt":"2015-09-23T13:33:06","slug":"fifa-niega-al-barcelona-inscripcion-de-arda","status":"publish","type":"post","link":"http:\/\/desarrollo.grupomedios.com\/futbol\/futbol-internacional\/fifa-niega-al-barcelona-inscripcion-de-arda\/2015\/09","title":{"rendered":"FIFA niega al Barcelona inscripci\u00f3n de Arda"},"content":{"rendered":"<p>Un par de d\u00edas despu\u00e9s de que el<strong> FC Barcelona <\/strong>solicit\u00f3 a la <strong>Real Federaci\u00f3n Espa\u00f1ola de Futbol<\/strong> la inscripci\u00f3n del mediocampista <strong>Arda Turan<\/strong>, la <strong>FIFA<\/strong> rechaz\u00f3 la misma debido a la sanci\u00f3n que tienen los <em>Cul\u00e9s <\/em>y que les impide registrar jugadores hasta el 4 de enero.<\/p>\n<p>El Barcelona pidi\u00f3 a la RFEF que le permitiera dar de alta a Arda Turan debido a la lesi\u00f3n del brasile\u00f1o Rafinha, baja por los pr\u00f3ximos seis meses a consecuencia de una rotura de ligamentos. Y aunque a favor ten\u00eda el reglamento que p\u00e9rmite inscripciones extempor\u00e1neas cuando un jugador sufre una lesi\u00f3n grave o de prolongada duraci\u00f3n, la FIFA se ha mostrado inflexible y le neg\u00f3 la posibilidad de contar con el turco.<\/p>\n<p>Esta no es la primera vez que el Barcelona se queda con las ganas de registrar a Arda Tur\u00e1n antes de tiempo. Previo al inici\u00f3 de la presente temporada, los <em>Cul\u00e9s<\/em> buscaron hacerlo bajo el argumento de que hab\u00edan concluido con la sanci\u00f3n de dos periodos sin fichar, pero la FIFA se mantuvo firme y ratific\u00f3 que el hecho de haber cerrado su traspaso no significaba que pudiesen contar con \u00e9l bajo ninguna circunstancia.<\/p>\n<p>El Barcelona ya prepara el \u00faltimo recurso y acudir\u00e1 al TAS para solicitar el registro, eso s\u00ed, de ser aprobada solo podr\u00eda ser anticipada\u00a0 a mediados del mes de diciembre, seg\u00fan informa el diario catal\u00e1n <em>Sport.<\/em><\/p>\n<p>&nbsp;<\/p>\n","protected":false},"excerpt":{"rendered":"<p>Los Cul\u00e9s preparan la ofensiva para recurrir al TAS y poder contar con el turco<\/p>\n","protected":false},"author":20,"featured_media":315106,"comment_status":"open","ping_status":"open","sticky":false,"template":"","format":"standard","meta":[],"categories":[3839,3844,5951],"tags":[6055,5984],"_links":{"self":[{"href":"http:\/\/desarrollo.grupomedios.com\/futbol\/wp-json\/wp\/v2\/posts\/315098"}],"collection":[{"href":"http:\/\/desarrollo.grupomedios.com\/futbol\/wp-json\/wp\/v2\/posts"}],"about":[{"href":"http:\/\/desarrollo.grupomedios.com\/futbol\/wp-json\/wp\/v2\/types\/post"}],"author":[{"embeddable":true,"href":"http:\/\/desarrollo.grupomedios.com\/futbol\/wp-json\/wp\/v2\/users\/20"}],"replies":[{"embeddable":true,"href":"http:\/\/desarrollo.grupomedios.com\/futbol\/wp-json\/wp\/v2\/comments?post=315098"}],"version-history":[{"count":0,"href":"http:\/\/desarrollo.grupomedios.com\/futbol\/wp-json\/wp\/v2\/posts\/315098\/revisions"}],"wp:featuredmedia":[{"embeddable":true,"href":"http:\/\/desarrollo.grupomedios.com\/futbol\/wp-json\/wp\/v2\/media\/315106"}],"wp:attachment":[{"href":"http:\/\/desarrollo.grupomedios.com\/futbol\/wp-json\/wp\/v2\/media?parent=315098"}],"wp:term":[{"taxonomy":"category","embeddable":true,"href":"http:\/\/desarrollo.grupomedios.com\/futbol\/wp-json\/wp\/v2\/categories?post=315098"},{"taxonomy":"post_tag","embeddable":true,"href":"http:\/\/desarrollo.grupomedios.com\/futbol\/wp-json\/wp\/v2\/tags?post=315098"}],"curies":[{"name":"wp","href":"https:\/\/api.w.org\/{rel}","templated":true}]}}