{"id":315121,"date":"2015-09-23T09:20:52","date_gmt":"2015-09-23T14:20:52","guid":{"rendered":"http:\/\/futboltotal.com.mx\/?p=315121"},"modified":"2015-09-23T09:23:43","modified_gmt":"2015-09-23T14:23:43","slug":"un-balotelli-distinto-aparece-en-la-foto-oficial-del-milan","status":"publish","type":"post","link":"http:\/\/desarrollo.grupomedios.com\/futbol\/videos\/un-balotelli-distinto-aparece-en-la-foto-oficial-del-milan\/2015\/09","title":{"rendered":"Un Balotelli distinto aparece en la foto oficial del Milan"},"content":{"rendered":"<p>Una temporada para el olvido fue la que vivi\u00f3 <strong>Mario Balotelli<\/strong> en su fugaz paso por el Liverpool. En la presente campa\u00f1a, ni siquiera fue considerado por los <em>Reds<\/em> y se despidi\u00f3 sin disputar ni un solo minuto en el curso.<\/p>\n<p>Mejor cambio no pudo existir para Balotelli que un retorno al Calcio italiano, sitio en donde mostr\u00f3 sus condiciones de manera espor\u00e1dica, aunque con ello, respald\u00f3 sus destrezas. El <strong>Milan<\/strong> le abri\u00f3 las puertas, no sin antes, firmar una cl\u00e1usula para olvidar toda clase de excentricidades, instancia que espera servir como un trampol\u00edn para regresar a ser el futbolista que a\u00f1os atr\u00e1s maravill\u00f3 Italia.<\/p>\n<p>El martes, <em>Super Mario<\/em> cont\u00f3 con minutos y esa confianza que Sinisa Mihajlovic ha vertido en \u00e9l, fue respaldada con un golazo ante el Udinese. Una muestra de su talento, con un plus en el golpeo de bal\u00f3n.<\/p>\n<div style=\"width: 640px;\" class=\"wp-video\"><!--[if lt IE 9]><script>document.createElement('video');<\/script><![endif]-->\n<video class=\"wp-video-shortcode\" id=\"video-315121-1\" width=\"640\" height=\"360\" preload=\"metadata\" controls=\"controls\"><source type=\"video\/mp4\" src=\"http:\/\/futboltotal.com.mx\/wp-content\/uploads\/2015\/09\/Balotelli_s_quality_freekick-889647131120429_conve.mp4?_=1\" \/><a href=\"http:\/\/futboltotal.com.mx\/wp-content\/uploads\/2015\/09\/Balotelli_s_quality_freekick-889647131120429_conve.mp4\">http:\/\/futboltotal.com.mx\/wp-content\/uploads\/2015\/09\/Balotelli_s_quality_freekick-889647131120429_conve.mp4<\/a><\/video><\/div>\n<p>El gol lo celebr\u00f3, cosa poco com\u00fan en \u00e9l, pues de acuerdo a sus palabras <strong>&#8220;un futbolista no debe ser tan efusivo en sus festejos porque solo hace su trabajo. Un cartero no celebra cuando entrega cartas&#8221;<\/strong>, mencion\u00f3 en alguna ocasi\u00f3n el atacante italiano.<\/p>\n<p style=\"text-align: center;\"><strong><span style=\"color: #3366ff;\"><a style=\"color: #3366ff;\" href=\"http:\/\/futboltotal.com.mx\/?s=balotelli\">LEER M\u00c1S: Todas las noticias de Mario Balotelli<\/a><\/span><\/strong><\/p>\n<p>Ese mismo semblante de alegr\u00eda lo traslad\u00f3 este mi\u00e9rcoles para la foto oficial de la entidad <em>rossonera<\/em>, donde se vio un Balotelli distinto, feliz por su actualidad, m\u00e1s controlado en sus bromas pero igual de irreverente en su look.<\/p>\n<p><iframe loading=\"lazy\" src=\"https:\/\/www.youtube.com\/embed\/ogvr_dkIVjA\" frameborder=\"0\" allowfullscreen=\"allowfullscreen\"><\/iframe><\/p>\n","protected":false},"excerpt":{"rendered":"<p>Su golazo ante el Udinese lo llen\u00f3 de felicidad<\/p>\n","protected":false},"author":20,"featured_media":315126,"comment_status":"open","ping_status":"open","sticky":false,"template":"","format":"standard","meta":[],"categories":[3848,4],"tags":[6002,242],"_links":{"self":[{"href":"http:\/\/desarrollo.grupomedios.com\/futbol\/wp-json\/wp\/v2\/posts\/315121"}],"collection":[{"href":"http:\/\/desarrollo.grupomedios.com\/futbol\/wp-json\/wp\/v2\/posts"}],"about":[{"href":"http:\/\/desarrollo.grupomedios.com\/futbol\/wp-json\/wp\/v2\/types\/post"}],"author":[{"embeddable":true,"href":"http:\/\/desarrollo.grupomedios.com\/futbol\/wp-json\/wp\/v2\/users\/20"}],"replies":[{"embeddable":true,"href":"http:\/\/desarrollo.grupomedios.com\/futbol\/wp-json\/wp\/v2\/comments?post=315121"}],"version-history":[{"count":0,"href":"http:\/\/desarrollo.grupomedios.com\/futbol\/wp-json\/wp\/v2\/posts\/315121\/revisions"}],"wp:featuredmedia":[{"embeddable":true,"href":"http:\/\/desarrollo.grupomedios.com\/futbol\/wp-json\/wp\/v2\/media\/315126"}],"wp:attachment":[{"href":"http:\/\/desarrollo.grupomedios.com\/futbol\/wp-json\/wp\/v2\/media?parent=315121"}],"wp:term":[{"taxonomy":"category","embeddable":true,"href":"http:\/\/desarrollo.grupomedios.com\/futbol\/wp-json\/wp\/v2\/categories?post=315121"},{"taxonomy":"post_tag","embeddable":true,"href":"http:\/\/desarrollo.grupomedios.com\/futbol\/wp-json\/wp\/v2\/tags?post=315121"}],"curies":[{"name":"wp","href":"https:\/\/api.w.org\/{rel}","templated":true}]}}