{"id":315169,"date":"2015-09-23T11:29:17","date_gmt":"2015-09-23T16:29:17","guid":{"rendered":"http:\/\/futboltotal.com.mx\/?p=315169"},"modified":"2015-09-23T11:33:33","modified_gmt":"2015-09-23T16:33:33","slug":"olympiacos-ratifica-a-alan-pulido-como-su-futbolista","status":"publish","type":"post","link":"http:\/\/desarrollo.grupomedios.com\/futbol\/futbol-internacional\/olympiacos-ratifica-a-alan-pulido-como-su-futbolista\/2015\/09","title":{"rendered":"Olympiacos ratifica a Alan Pulido como su futbolista"},"content":{"rendered":"<p>Para<strong> Alan Pulido<\/strong> el futuro no est\u00e1 claro. Ante la pol\u00e9mica que sostiene por el fallo del TAS que le imposibilitar\u00eda jugar en otro equipo que no sea Tigres, todo es una inc\u00f3gnita, aunque de menos,<strong> el atacante mexicano fue ratificado por Olympiacos como un miembro de la plantilla<\/strong>, al menos en la foto oficial que el club tom\u00f3 este mi\u00e9rcoles en sus instalaciones.<\/p>\n<blockquote class=\"twitter-tweet\" lang=\"es\">\n<p dir=\"ltr\" lang=\"el\">\u0393\u03b9\u03b1 4\u03b7 \u03c7\u03c1\u03bf\u03bd\u03b9\u03ac BROOKS BROTHERS &amp; \u039f\u039b\u03a5\u039c\u03a0\u0399\u0391\u039a\u039f\u03a3 \u03bc\u03b1\u03b6\u03af! <a href=\"http:\/\/t.co\/hqLISCpdIv\">http:\/\/t.co\/hqLISCpdIv<\/a> <a href=\"https:\/\/twitter.com\/hashtag\/olympiacos?src=hash\">#olympiacos<\/a> <a href=\"https:\/\/twitter.com\/hashtag\/brooksbrothers?src=hash\">#brooksbrothers<\/a> <a href=\"http:\/\/t.co\/DiWRHItEGC\">pic.twitter.com\/DiWRHItEGC<\/a><\/p>\n<p>\u2014 Olympiacos FC (@olympiacos_org) <a href=\"https:\/\/twitter.com\/olympiacos_org\/status\/646613913522581504\">septiembre 23, 2015<\/a><\/p><\/blockquote>\n<p><script src=\"\/\/platform.twitter.com\/widgets.js\" async=\"\" charset=\"utf-8\"><\/script><\/p>\n<p>Alan Pulido y sus compa\u00f1eros lucieron un traje en color gris y en el fondo, el escudo del club acompa\u00f1\u00f3 la cl\u00e1sica postal. El mundialista con el <em>Tri<\/em> aparece en la primera fila como el segundo, considerando el plano de izquierda a derecha.<\/p>\n<p>A la cita acudieron jugadores, cuerpo t\u00e9cnico y directivos. Pero solo en plano organizacional el mexicano cuenta con apoyo, pues en lo deportivo la situaci\u00f3n es diametralmente opuesta.<\/p>\n<p style=\"text-align: center;\"><strong><span style=\"color: #3366ff;\"><a style=\"color: #3366ff;\" href=\"http:\/\/futboltotal.com.mx\/?s=alan+pulido\">LEER M\u00c1S: Todas las noticias de Alan Pulido<\/a><\/span><\/strong><\/p>\n<p>La realidad es que tras tres jornadas disputadas en Grecia, el estratega portugu\u00e9s Marco Silva no le ha brindado minutos al jugador mexicano. Pulido solo cont\u00f3 con minutos en pretemporada y para los \u00faltimos duelos ni siquiera fue citado, pues el Olympiacos no quiere cometer una equivocaci\u00f3n que le ocasione alguna alineaci\u00f3n indebida y por consecuente, una sanci\u00f3n ante la FIFA, por lo menos hasta que la situaci\u00f3n\u00a0este completamente definida.<\/p>\n<p><iframe loading=\"lazy\" src=\"https:\/\/www.youtube.com\/embed\/3RPVD9Dkvh8\" frameborder=\"0\" allowfullscreen=\"allowfullscreen\"><\/iframe><\/p>\n","protected":false},"excerpt":{"rendered":"<p>El atacante mexicano pos\u00f3 para la foto oficial de la entidad hel\u00e9nica <\/p>\n","protected":false},"author":20,"featured_media":315174,"comment_status":"open","ping_status":"open","sticky":false,"template":"","format":"standard","meta":[],"categories":[3839,5951],"tags":[1607,6091],"_links":{"self":[{"href":"http:\/\/desarrollo.grupomedios.com\/futbol\/wp-json\/wp\/v2\/posts\/315169"}],"collection":[{"href":"http:\/\/desarrollo.grupomedios.com\/futbol\/wp-json\/wp\/v2\/posts"}],"about":[{"href":"http:\/\/desarrollo.grupomedios.com\/futbol\/wp-json\/wp\/v2\/types\/post"}],"author":[{"embeddable":true,"href":"http:\/\/desarrollo.grupomedios.com\/futbol\/wp-json\/wp\/v2\/users\/20"}],"replies":[{"embeddable":true,"href":"http:\/\/desarrollo.grupomedios.com\/futbol\/wp-json\/wp\/v2\/comments?post=315169"}],"version-history":[{"count":0,"href":"http:\/\/desarrollo.grupomedios.com\/futbol\/wp-json\/wp\/v2\/posts\/315169\/revisions"}],"wp:featuredmedia":[{"embeddable":true,"href":"http:\/\/desarrollo.grupomedios.com\/futbol\/wp-json\/wp\/v2\/media\/315174"}],"wp:attachment":[{"href":"http:\/\/desarrollo.grupomedios.com\/futbol\/wp-json\/wp\/v2\/media?parent=315169"}],"wp:term":[{"taxonomy":"category","embeddable":true,"href":"http:\/\/desarrollo.grupomedios.com\/futbol\/wp-json\/wp\/v2\/categories?post=315169"},{"taxonomy":"post_tag","embeddable":true,"href":"http:\/\/desarrollo.grupomedios.com\/futbol\/wp-json\/wp\/v2\/tags?post=315169"}],"curies":[{"name":"wp","href":"https:\/\/api.w.org\/{rel}","templated":true}]}}