{"id":315197,"date":"2015-09-23T12:54:59","date_gmt":"2015-09-23T17:54:59","guid":{"rendered":"http:\/\/futboltotal.com.mx\/?p=315197"},"modified":"2015-09-23T12:58:19","modified_gmt":"2015-09-23T17:58:19","slug":"sir-alex-ferguson-agradece-no-haber-fichado-a-balotelli","status":"publish","type":"post","link":"http:\/\/desarrollo.grupomedios.com\/futbol\/futbol-internacional\/sir-alex-ferguson-agradece-no-haber-fichado-a-balotelli\/2015\/09","title":{"rendered":"Alex Ferguson agradece no haber fichado a Balotelli"},"content":{"rendered":"<p><strong>Sir Alex Ferguson<\/strong> qued\u00f3 inscrito en los libros como el t\u00e9cnico m\u00e1s ganador del Manchester United. Para ello se requiere de mucha inteligencia y e grandes futbolistas a lo largo de su periplo en el banquillo y por qu\u00e9 no decirlo, de decisiones atinadas para el ambiente del club, sin importar, que en el camino algunas joyas sean ofrecidas para hacer m\u00e1s poderoso al club.<\/p>\n<p>Entre esas propuestas, Ferguson declar\u00f3 que estaban <strong>Sergio Ag\u00fcero<\/strong> y <strong>Mario Balotelli<\/strong>, que en su momento pudieron ser como la dupla de fantas\u00eda que en la actualidad hace so\u00f1ar a la fanaticada de Old Trafford: <a href=\"http:\/\/futboltotal.com.mx\/2015\/09\/anthony-martial-anota-doblete-en-triunfo-del-manchester-united\/\">Anthony Martial<\/a> y <a href=\"http:\/\/futboltotal.com.mx\/2015\/09\/golazo-de-memphis-depay-con-doble-cano\/\">Memphis Depay<\/a>.<\/p>\n<p>Entre las nuevas historias que son puestas al dominio p\u00fablico tras la publicaci\u00f3n de su libro <em>Leading<\/em>, el m\u00edtico estratega revel\u00f3 las razones por las cuales la entidad decidi\u00f3 hacer un lado la oportunidad de fichar a esas gemas por el a\u00f1o 2011.<\/p>\n<p style=\"text-align: center;\"><strong><span style=\"color: #3366ff;\"><a style=\"color: #3366ff;\" href=\"http:\/\/futboltotal.com.mx\/futbol-internacional\/\">LEER M\u00c1S: Todas las noticias de futbol internacional. <\/a><\/span><\/strong><\/p>\n<p>En el caso de Sergio Ag\u00fcero, se prefiri\u00f3 no hacer un movimiento por el jugador, ya que su agente &#8220;exig\u00eda un precio que no est\u00e1bamos preparados para pagar&#8221;, situaci\u00f3n que benefici\u00f3 a su m\u00e1ximo rival citadino, pues se hizo de sus servicios por 38 millones de libras y anot\u00f3 el gol que le cost\u00f3 a United el t\u00edtulo de la Premier League la siguiente temporada. Una situaci\u00f3n de la cual podr\u00eda arreprentirse.<\/p>\n<p>Con Balotelli, la decisi\u00f3n de no ficharlo result\u00f3 brillante. El pol\u00e9mico italiano sigue brillando m\u00e1s fuera de las canchas y ante eso, Ferguson se mostr\u00f3 feliz por la apuesta.<\/p>\n<p>&#8220;Hice mi tarea con \u00e9l, hablando con algunos contactos italianos, y la respuesta que recib\u00ed me confirm\u00f3 que era un riesgo demasiado grande&#8221;, escribi\u00f3.<strong> &#8220;No s\u00e9 si existe este tipo de cortes\u00eda profesional en otros campos, pero para m\u00ed fue un regalo del cielo&#8221;<\/strong>, refiri\u00f3 sobre lo acontecido en 2011 al desechar reclutar a Mario Balotelli.<\/p>\n<p><strong><span style=\"color: #ff0000;\">VIDEO: Antes de Zlatan fue Henrik.<\/span><\/strong><br \/>\n[video_player]https:\/\/player.vimeo.com\/external\/139748421.hd.mp4?s=23c3f501fc79d26ccfb87e4768ab8379&amp;profile_id=113[\/video_player]<\/p>\n","protected":false},"excerpt":{"rendered":"<p>El extimonel tuvo la oportunidad pero revel\u00f3 sus razones para rechazar la propuesta <\/p>\n","protected":false},"author":20,"featured_media":315210,"comment_status":"open","ping_status":"open","sticky":false,"template":"","format":"standard","meta":[],"categories":[3839,5951],"tags":[1550,6002,5992],"_links":{"self":[{"href":"http:\/\/desarrollo.grupomedios.com\/futbol\/wp-json\/wp\/v2\/posts\/315197"}],"collection":[{"href":"http:\/\/desarrollo.grupomedios.com\/futbol\/wp-json\/wp\/v2\/posts"}],"about":[{"href":"http:\/\/desarrollo.grupomedios.com\/futbol\/wp-json\/wp\/v2\/types\/post"}],"author":[{"embeddable":true,"href":"http:\/\/desarrollo.grupomedios.com\/futbol\/wp-json\/wp\/v2\/users\/20"}],"replies":[{"embeddable":true,"href":"http:\/\/desarrollo.grupomedios.com\/futbol\/wp-json\/wp\/v2\/comments?post=315197"}],"version-history":[{"count":0,"href":"http:\/\/desarrollo.grupomedios.com\/futbol\/wp-json\/wp\/v2\/posts\/315197\/revisions"}],"wp:featuredmedia":[{"embeddable":true,"href":"http:\/\/desarrollo.grupomedios.com\/futbol\/wp-json\/wp\/v2\/media\/315210"}],"wp:attachment":[{"href":"http:\/\/desarrollo.grupomedios.com\/futbol\/wp-json\/wp\/v2\/media?parent=315197"}],"wp:term":[{"taxonomy":"category","embeddable":true,"href":"http:\/\/desarrollo.grupomedios.com\/futbol\/wp-json\/wp\/v2\/categories?post=315197"},{"taxonomy":"post_tag","embeddable":true,"href":"http:\/\/desarrollo.grupomedios.com\/futbol\/wp-json\/wp\/v2\/tags?post=315197"}],"curies":[{"name":"wp","href":"https:\/\/api.w.org\/{rel}","templated":true}]}}