{"id":315220,"date":"2015-09-23T13:38:26","date_gmt":"2015-09-23T18:38:26","guid":{"rendered":"http:\/\/futboltotal.com.mx\/?p=315220"},"modified":"2015-09-23T13:42:36","modified_gmt":"2015-09-23T18:42:36","slug":"lewandowski-podria-jugar-en-los-grandes-de-espana","status":"publish","type":"post","link":"http:\/\/desarrollo.grupomedios.com\/futbol\/futbol-internacional\/lewandowski-podria-jugar-en-los-grandes-de-espana\/2015\/09","title":{"rendered":"Lewandowski podr\u00eda jugar en los grandes de Espa\u00f1a"},"content":{"rendered":"<p>La exhibici\u00f3n de <strong>Robert Lewandowski <\/strong>el martes fue inaudita, hist\u00f3rica, \u00fanica. El futbolista polaco ingres\u00f3 para el segundo lapso en una complicada batalla contra el Wolfsburgo para definir el duelo en un alarde eficacia y de destrezas circenses, para decretar su quinto gol,<strong> <a href=\"http:\/\/futboltotal.com.mx\/2015\/09\/lewandowski-impone-record-con-bayern-munich\/\">el m\u00e1s bello dentro de su excelso rep\u00f3ker<\/a>, <\/strong>mismo que finiquit\u00f3 el 5-1 en el Allinaz Arena para el Bayern Munich.<\/p>\n<p>Con su apoderado a\u00fan en tendencia, Cezary Kucharski, otorg\u00f3 entrevistas a diestra y siniestra, llamando poderosamente la atenci\u00f3n una entrevista \u00a0en la televisi\u00f3n polaca <em>TVN24<\/em>: &#8220;Tengo en mi mente un plan para el futuro de Lewandowski&#8221;, acot\u00f3.<\/p>\n<p style=\"text-align: center;\"><span style=\"color: #3366ff;\"><strong><a style=\"color: #3366ff;\" href=\"http:\/\/futboltotal.com.mx\/futbol-internacional\/\">LEER M\u00c1S: Todas las noticias del futbol internacional.\u00a0<\/a><\/strong><\/span><\/p>\n<p>Pese a tener contrato con el Bayern hasta junio de 2019, este verano ya se habl\u00f3 mucho de su salida del Bayern Munich, una idea que ha vuelto a alimentar el propio representante tras la exhibici\u00f3n de ayer del delantero polaco.<\/p>\n<p>&#8220;\u00bfManchester? All\u00ed siempre llueve. \u00bfBarcelona o Madrid? Son lugares muy agradables, en Espa\u00f1a est\u00e1 el mejor ambiente para jugar al f\u00fatbol&#8221;, se\u00f1al\u00f3 ante las cuestiones.<\/p>\n<p>Para no generar m\u00e1s pol\u00e9micas, tambi\u00e9n tuvo buenas palabras para su actual club y lugar de residencia: &#8220;M\u00fanich es una ciudad muy bonita y un gran lugar para vivir&#8221;, finiquit\u00f3 sobre el futuro de Lewandowski.<\/p>\n<p><strong><span style=\"color: #ff0000;\">VIDEO: Todas las playeras de local de la Bundesliga 2015-16.<\/span><\/strong><\/p>\n<p>[video_player]https:\/\/player.vimeo.com\/external\/136324777.hd.mp4?s=af3542af8420e05eb851e562ce471591&amp;profile_id=113[\/video_player]<\/p>\n<p>&nbsp;<\/p>\n","protected":false},"excerpt":{"rendered":"<p>El agente de Lewa no descarta un cambio a Real Madrid o Barcelona <\/p>\n","protected":false},"author":20,"featured_media":315247,"comment_status":"open","ping_status":"open","sticky":false,"template":"","format":"standard","meta":[],"categories":[3839,5951],"tags":[2056,5051],"_links":{"self":[{"href":"http:\/\/desarrollo.grupomedios.com\/futbol\/wp-json\/wp\/v2\/posts\/315220"}],"collection":[{"href":"http:\/\/desarrollo.grupomedios.com\/futbol\/wp-json\/wp\/v2\/posts"}],"about":[{"href":"http:\/\/desarrollo.grupomedios.com\/futbol\/wp-json\/wp\/v2\/types\/post"}],"author":[{"embeddable":true,"href":"http:\/\/desarrollo.grupomedios.com\/futbol\/wp-json\/wp\/v2\/users\/20"}],"replies":[{"embeddable":true,"href":"http:\/\/desarrollo.grupomedios.com\/futbol\/wp-json\/wp\/v2\/comments?post=315220"}],"version-history":[{"count":0,"href":"http:\/\/desarrollo.grupomedios.com\/futbol\/wp-json\/wp\/v2\/posts\/315220\/revisions"}],"wp:featuredmedia":[{"embeddable":true,"href":"http:\/\/desarrollo.grupomedios.com\/futbol\/wp-json\/wp\/v2\/media\/315247"}],"wp:attachment":[{"href":"http:\/\/desarrollo.grupomedios.com\/futbol\/wp-json\/wp\/v2\/media?parent=315220"}],"wp:term":[{"taxonomy":"category","embeddable":true,"href":"http:\/\/desarrollo.grupomedios.com\/futbol\/wp-json\/wp\/v2\/categories?post=315220"},{"taxonomy":"post_tag","embeddable":true,"href":"http:\/\/desarrollo.grupomedios.com\/futbol\/wp-json\/wp\/v2\/tags?post=315220"}],"curies":[{"name":"wp","href":"https:\/\/api.w.org\/{rel}","templated":true}]}}