{"id":315352,"date":"2015-09-23T17:14:12","date_gmt":"2015-09-23T22:14:12","guid":{"rendered":"http:\/\/futboltotal.com.mx\/?p=315352"},"modified":"2015-09-23T17:14:12","modified_gmt":"2015-09-23T22:14:12","slug":"real-madrid-toma-el-liderato-con-doblete-de-benzema","status":"publish","type":"post","link":"http:\/\/desarrollo.grupomedios.com\/futbol\/futbol-internacional\/real-madrid-toma-el-liderato-con-doblete-de-benzema\/2015\/09","title":{"rendered":"Real Madrid toma el liderato con doblete de Benzema"},"content":{"rendered":"<p>Cuando los partidos se complican para el <strong>Real Madrid<\/strong> y <strong>Cristiano<\/strong> <strong>Ronaldo <\/strong>no llega puntual a su cita con el gol, la responsabilidad del gol recae en <strong>Karim Benzema. <\/strong>As\u00ed ha sido esta noche en el Nuevo San Mam\u00e9s, un recinto donde el gol no lleg\u00f3 para <em>CR7 <\/em>y el franc\u00e9s acudi\u00f3 al rescate para firmar el 1-2 en un duro partido ante el<strong> Athletic de Bilbao.<\/strong><\/p>\n<p>&#8220;Karim es un grand\u00edsimo jugador, estamos hablando de un delantero que hace casi todo bien, el problema es la continuidad. Calidad tiene, ahora tenemos que conseguir que tenga continuidad&#8221;, dijo el t\u00e9cnico Rafa Ben\u00edtez antes de alienar por primera vez en la temporada a Benzema. De ello hace casi un mes y el resultado ha sido el mejor.<\/p>\n<p>En la jornada 6 de la Liga, el Real Madrid trep\u00f3 al liderato general tras doblegar al Athletic, y el encargado de hacer los goles fue el franc\u00e9s Benzema. Firm\u00f3 un doblete que ha catapultado a los<em> Merengues<\/em> a alcanzar 15 puntos que, en combinaci\u00f3n con<a href=\"http:\/\/futboltotal.com.mx\/2015\/09\/celta-humilla-al-barcelona-en-balaidos\/\"> la goleada que sufri\u00f3 el Barcelona a manos del Celta<\/a>, los dejan en la cima de la clasificaci\u00f3n.<\/p>\n<p>Benzema acumula cuatro partidos consecutivos marcando y en ellos lleva cinco goles, y ha maquillado la ausencia de Cristiano, quien aun cobra r\u00e9dito del rep\u00f3quer que marc\u00f3 ante el Granada en la jornada 3. Karim camina a ritmo de gol y rumbo a la encomienda que le puso Rafa Ben\u00edtez. &#8220;Quiero que marque m\u00e1s de 25 goles&#8221;.<\/p>\n<p><iframe loading=\"lazy\" src=\"https:\/\/www.youtube.com\/embed\/CqTNEeyk-80\" frameborder=\"0\" allowfullscreen=\"allowfullscreen\"><\/iframe><\/p>\n","protected":false},"excerpt":{"rendered":"<p>El franc\u00e9s consigue firmar el 2-1 ante Athletic de Bilbao<\/p>\n","protected":false},"author":20,"featured_media":315380,"comment_status":"open","ping_status":"open","sticky":false,"template":"","format":"standard","meta":[],"categories":[3839,3844,5951],"tags":[1961,5988],"_links":{"self":[{"href":"http:\/\/desarrollo.grupomedios.com\/futbol\/wp-json\/wp\/v2\/posts\/315352"}],"collection":[{"href":"http:\/\/desarrollo.grupomedios.com\/futbol\/wp-json\/wp\/v2\/posts"}],"about":[{"href":"http:\/\/desarrollo.grupomedios.com\/futbol\/wp-json\/wp\/v2\/types\/post"}],"author":[{"embeddable":true,"href":"http:\/\/desarrollo.grupomedios.com\/futbol\/wp-json\/wp\/v2\/users\/20"}],"replies":[{"embeddable":true,"href":"http:\/\/desarrollo.grupomedios.com\/futbol\/wp-json\/wp\/v2\/comments?post=315352"}],"version-history":[{"count":0,"href":"http:\/\/desarrollo.grupomedios.com\/futbol\/wp-json\/wp\/v2\/posts\/315352\/revisions"}],"wp:featuredmedia":[{"embeddable":true,"href":"http:\/\/desarrollo.grupomedios.com\/futbol\/wp-json\/wp\/v2\/media\/315380"}],"wp:attachment":[{"href":"http:\/\/desarrollo.grupomedios.com\/futbol\/wp-json\/wp\/v2\/media?parent=315352"}],"wp:term":[{"taxonomy":"category","embeddable":true,"href":"http:\/\/desarrollo.grupomedios.com\/futbol\/wp-json\/wp\/v2\/categories?post=315352"},{"taxonomy":"post_tag","embeddable":true,"href":"http:\/\/desarrollo.grupomedios.com\/futbol\/wp-json\/wp\/v2\/tags?post=315352"}],"curies":[{"name":"wp","href":"https:\/\/api.w.org\/{rel}","templated":true}]}}