{"id":315579,"date":"2015-09-24T10:30:12","date_gmt":"2015-09-24T15:30:12","guid":{"rendered":"http:\/\/futboltotal.com.mx\/?p=315579"},"modified":"2015-09-24T10:35:20","modified_gmt":"2015-09-24T15:35:20","slug":"jurgen-klopp-podria-dirigir-al-liverpool","status":"publish","type":"post","link":"http:\/\/desarrollo.grupomedios.com\/futbol\/futbol-internacional\/jurgen-klopp-podria-dirigir-al-liverpool\/2015\/09","title":{"rendered":"J\u00fcrgen Klopp podr\u00eda dirigir al Liverpool"},"content":{"rendered":"<p>Han trascurrido seis jornadas de la <strong><a href=\"http:\/\/futboltotal.com.mx\/?s=Premier+League\">Premier League<\/a><\/strong> y el <strong>Liverpool<\/strong> tiene un mes que no consigue una victoria. Fue el pasado 17 de agosto, cuando logr\u00f3\u00a0 su \u00faltimo triunfo (1-0) ante el reci\u00e9n ascendido Bournemouth. En adelante su mejor resultado fue el empate a un gol que sac\u00f3 ayer ante el Norwich. Ante el gris panorama, la prensa inglesa no duda en afirmar que los <em>Reds<\/em> barajan el reemplazo del t\u00e9cnico <strong>Brendan Rodgers<\/strong> y uno de los candidatos es <strong>J\u00fcrgen Klopp<\/strong>.<\/p>\n<p>Apenas ayer el Liverpool neg\u00f3 que tuviese un inter\u00e9s en fichar a Carlo Ancelotti y este jueves, la prensa de Inglaterra habla del inter\u00e9s que hay en Anfield por buscar nuevo t\u00e9cnico. La falta de resultados comienza a preocupar a la directiva del club londinenese y ha hecho que en el punto de mira tenga a<strong> Klopp<\/strong>, quien disfruta de un semestre sab\u00e1tico tras salir del Borussia Dortmund en el verano anterior y al que no han dudado recomendarle dirigir al Bayern M\u00fanich,<a href=\"http:\/\/futboltotal.com.mx\/2015\/09\/mexico-es-buena-oportunidad-para-jurgen-klopp\/\"> o a las selecciones de Holanda de M\u00e9xico.<\/a><\/p>\n<p style=\"text-align: center;\"><span style=\"color: #3366ff;\"><strong><a style=\"color: #3366ff;\" href=\"http:\/\/futboltotal.com.mx\/2015\/09\/el-regreso-de-jurgen-klopp-podria-adelantarse\/\">LEER M\u00c1S: El regreso de Klopp podr\u00eda adelantarse<\/a><\/strong><\/span><\/p>\n<p>El Liverpol podr\u00eda recurrir a <strong>Klopp<\/strong> si el club no endereza el rumbo bajo el mando de Brandan Rodgers y consigue los resultados que esperaban a principios de la actual campa\u00f1a, cuando el equipo pronostic\u00f3 que, tras fuerte inversi\u00f3n realizada en el mercado de fichajes -fue de 112 millones de euros-, podr\u00eda ser competitivo y disputar los primeros puestos de la clasificaci\u00f3n. Hoy no es as\u00ed y el club est\u00e1 en el decimo tercer puesto con apenas ocho puntos de 24 posibles.<\/p>\n<p>&nbsp;<\/p>\n","protected":false},"excerpt":{"rendered":"<p>En Inglaterra ven al alem\u00e1n como el reemplazo de Brendan Rodgers, t\u00e9cnico de los Reds<\/p>\n","protected":false},"author":20,"featured_media":315582,"comment_status":"open","ping_status":"open","sticky":false,"template":"","format":"standard","meta":[],"categories":[3839,3846,5951],"tags":[2863,5989],"_links":{"self":[{"href":"http:\/\/desarrollo.grupomedios.com\/futbol\/wp-json\/wp\/v2\/posts\/315579"}],"collection":[{"href":"http:\/\/desarrollo.grupomedios.com\/futbol\/wp-json\/wp\/v2\/posts"}],"about":[{"href":"http:\/\/desarrollo.grupomedios.com\/futbol\/wp-json\/wp\/v2\/types\/post"}],"author":[{"embeddable":true,"href":"http:\/\/desarrollo.grupomedios.com\/futbol\/wp-json\/wp\/v2\/users\/20"}],"replies":[{"embeddable":true,"href":"http:\/\/desarrollo.grupomedios.com\/futbol\/wp-json\/wp\/v2\/comments?post=315579"}],"version-history":[{"count":0,"href":"http:\/\/desarrollo.grupomedios.com\/futbol\/wp-json\/wp\/v2\/posts\/315579\/revisions"}],"wp:featuredmedia":[{"embeddable":true,"href":"http:\/\/desarrollo.grupomedios.com\/futbol\/wp-json\/wp\/v2\/media\/315582"}],"wp:attachment":[{"href":"http:\/\/desarrollo.grupomedios.com\/futbol\/wp-json\/wp\/v2\/media?parent=315579"}],"wp:term":[{"taxonomy":"category","embeddable":true,"href":"http:\/\/desarrollo.grupomedios.com\/futbol\/wp-json\/wp\/v2\/categories?post=315579"},{"taxonomy":"post_tag","embeddable":true,"href":"http:\/\/desarrollo.grupomedios.com\/futbol\/wp-json\/wp\/v2\/tags?post=315579"}],"curies":[{"name":"wp","href":"https:\/\/api.w.org\/{rel}","templated":true}]}}