{"id":315717,"date":"2015-09-24T18:04:17","date_gmt":"2015-09-24T23:04:17","guid":{"rendered":"http:\/\/futboltotal.com.mx\/?p=315717"},"modified":"2015-09-24T18:07:22","modified_gmt":"2015-09-24T23:07:22","slug":"chepo-se-equivoco-con-reyna-vergara","status":"publish","type":"post","link":"http:\/\/desarrollo.grupomedios.com\/futbol\/futbol-mexicano\/chepo-se-equivoco-con-reyna-vergara\/2015\/09","title":{"rendered":"Chepo se equivoc\u00f3 con Reyna: Vergara"},"content":{"rendered":"<p><strong>Jorge Vergara<\/strong>, due\u00f1o de las <a href=\"http:\/\/futboltotal.com.mx\/?s=Chivas\"><strong>Chivas<\/strong><\/a>, tiene claro que la separaci\u00f3n de <strong>\u00c1ngel Reyna<\/strong> del plantel <em>rojiblanco<\/em>\u00a0fue una\u00a0mala decisi\u00f3n. Y sin empacho, apunt\u00f3 que la salida del mediocampista fue un error que\u00a0tiene nombre y apellido: <strong>Jos\u00e9 Manuel<\/strong> <strong>de la Torre<\/strong>.<\/p>\n<p>En ese contexto, el due\u00f1o de las <a href=\"http:\/\/futboltotal.com.mx\/?s=Chivas\"><strong>Chivas del Guadalajara<\/strong><\/a>\u00a0mencion\u00f3 que el <em>Chepo<\/em> tuvo todo su respaldo a la hora de separar del plantel a <strong>Reyna<\/strong>, a pesar de que lo consideraba un error, pero dej\u00f3 en claro que \u00e9l no se met\u00eda en esas decisiones.<\/p>\n<p>&#8220;De mi parte tiene todo el respaldo a la decisi\u00f3n que \u00e9l tome, como respald\u00e9 a <em>Chepo<\/em> en su decisi\u00f3n, que fue por una equivocaci\u00f3n, pero a final de cuentas se tom\u00f3, lo respaldo, yo no decido&#8221;, mencion\u00f3.<\/p>\n<p style=\"text-align: center;\"><span style=\"color: #3366ff;\"><strong><a style=\"color: #3366ff;\" href=\"http:\/\/futboltotal.com.mx\/2015\/09\/un-mes-antes-se-planeo-llegada-de-almeyda-a-chivas\/\">LEER M\u00c1S: Un mes antes se plane\u00f3 llegada de Almeyda a Chivas<\/a><\/strong><\/span><\/p>\n<p>Ante ello, apunt\u00f3 que apoyar\u00e1 a su nuevo entrenador, <strong>Mat\u00edas Almeyda<\/strong>, en las decisiones que \u00e9l considere pertinentes, entre ellas, la de una posible reincorporaci\u00f3n de <strong>\u00c1ngel Reyna<\/strong> al plantel.<\/p>\n<p>Y entorno a las decisiones del <em>Chepo<\/em>, <strong>Jorge Vergara<\/strong> dej\u00f3 entrever que su ex timonel tuvo problemas para controlar a sus jugadores, ya que dicha situaci\u00f3n se repiti\u00f3 en el pasado, cuando <strong>Jos\u00e9 Manuel de la Torre<\/strong> tuvo que separar del plantel a <strong>Adolfo Bautista<\/strong>, adem\u00e1s de prescindir de <strong>Patricio Araujo<\/strong>, de quien\u00a0le dijeron que no serv\u00eda y ahora es titular en Puebla.<\/p>\n<p>\u201cLo remito a la historia del <em>Bofo<\/em>, no pudo con \u00e9l, lo corrieron y a los dos meses se fue <em>Chepo<\/em>. Ac\u00e1 no pudo con <strong>Reyna<\/strong>, que es un buen jugador, y tres semanas despu\u00e9s se fue <em>Chepo<\/em>. Creo que hubo jugadores que debieron permanecer. El ejemplo es el <em>Pato<\/em> <strong>Araujo<\/strong>, honestamente no creo que debi\u00f3 salir, es un chavo que nunca se ha lesionado, se cuida y ahora como titular en Puebla, y me dijeron que no serv\u00eda y no lo puedes creer\u201d, finaliz\u00f3.<\/p>\n<p><span style=\"color: #ff0000;\"><strong>VIDEO:<\/strong>\u00a0Plantel del Am\u00e9rica, vale m\u00e1$ que el de Chivas<\/span><\/p>\n<p>[video_player]https:\/\/player.vimeo.com\/external\/140239309.hd.mp4?s=993c753ee535fba5b73ab87ba79cbdeb&amp;profile_id=113[\/video_player]<\/p>\n","protected":false},"excerpt":{"rendered":"<p>El due\u00f1o de Chivas record\u00f3 las salidas del Bofo y el Pato Araujo<\/p>\n","protected":false},"author":20,"featured_media":315725,"comment_status":"open","ping_status":"open","sticky":false,"template":"","format":"standard","meta":[],"categories":[2198,3845],"tags":[1659,70,243],"_links":{"self":[{"href":"http:\/\/desarrollo.grupomedios.com\/futbol\/wp-json\/wp\/v2\/posts\/315717"}],"collection":[{"href":"http:\/\/desarrollo.grupomedios.com\/futbol\/wp-json\/wp\/v2\/posts"}],"about":[{"href":"http:\/\/desarrollo.grupomedios.com\/futbol\/wp-json\/wp\/v2\/types\/post"}],"author":[{"embeddable":true,"href":"http:\/\/desarrollo.grupomedios.com\/futbol\/wp-json\/wp\/v2\/users\/20"}],"replies":[{"embeddable":true,"href":"http:\/\/desarrollo.grupomedios.com\/futbol\/wp-json\/wp\/v2\/comments?post=315717"}],"version-history":[{"count":0,"href":"http:\/\/desarrollo.grupomedios.com\/futbol\/wp-json\/wp\/v2\/posts\/315717\/revisions"}],"wp:featuredmedia":[{"embeddable":true,"href":"http:\/\/desarrollo.grupomedios.com\/futbol\/wp-json\/wp\/v2\/media\/315725"}],"wp:attachment":[{"href":"http:\/\/desarrollo.grupomedios.com\/futbol\/wp-json\/wp\/v2\/media?parent=315717"}],"wp:term":[{"taxonomy":"category","embeddable":true,"href":"http:\/\/desarrollo.grupomedios.com\/futbol\/wp-json\/wp\/v2\/categories?post=315717"},{"taxonomy":"post_tag","embeddable":true,"href":"http:\/\/desarrollo.grupomedios.com\/futbol\/wp-json\/wp\/v2\/tags?post=315717"}],"curies":[{"name":"wp","href":"https:\/\/api.w.org\/{rel}","templated":true}]}}