{"id":315821,"date":"2015-09-25T09:00:51","date_gmt":"2015-09-25T14:00:51","guid":{"rendered":"http:\/\/futboltotal.com.mx\/?p=315821"},"modified":"2015-09-25T11:58:59","modified_gmt":"2015-09-25T16:58:59","slug":"chicago-fire-busca-la-contratacion-de-miguel-herrera","status":"publish","type":"post","link":"http:\/\/desarrollo.grupomedios.com\/futbol\/destacado-home\/chicago-fire-busca-la-contratacion-de-miguel-herrera\/2015\/09","title":{"rendered":"Chicago Fire busca la contrataci\u00f3n de Miguel Herrera"},"content":{"rendered":"<p>El futuro de<strong> Miguel Herrera<\/strong> en los banquillos podr\u00eda contar con un vuelco un tanto inesperado <a href=\"http:\/\/futboltotal.com.mx\/2015\/07\/oficial-miguel-herrera-es-cesado-del-tri\/\">tras su salida de la Selecci\u00f3n Mexicana<\/a>, pues antes de contar con trabajo de nuevo en la <strong>Liga MX<\/strong>, su destino estar\u00eda en la MLS, espec\u00edficamente con el Chicago Fire, as\u00ed lo indican diversos reportes en medios de Estados Unidos.<\/p>\n<p>El Fire cuenta con una temporada para el olvido en la Major Soccer League. El club ocupa el \u00faltimo lugar de la Conferencia del Este con tan solo 27 puntos por 48 que ocupa el l\u00edder Red Bulls de Nueva York, mientras que el equipo m\u00e1s cercano que tiene es el Uni\u00f3n de Filadelfia con 33, situaci\u00f3n por la cual la entidad decidi\u00f3 prescindir de los servicios de Frank Yallop, despedido cinco d\u00edas atr\u00e1s.<\/p>\n<p style=\"text-align: center;\"><strong><span style=\"color: #3366ff;\"><a style=\"color: #3366ff;\" href=\"http:\/\/futboltotal.com.mx\/?s=miguel+herrera\">LEER M\u00c1S: Todas las noticias de Miguel Herrera. <\/a><\/span><\/strong><\/p>\n<p>Chicago Fire considera la presente temporada como perdida y con un nuevo Gerente General en la persona de Nelson Rodr\u00edguez (entrar\u00e1 en funciones el 19 de octubre) ya cuenta con proyecto claro a futuro, con Miguel Herrera como el elegido para hacerse cargo de la entidad desde el banquillo para la pr\u00f3xima temporada. El equipo es dirigido ahora interinamente por Brian Bliss, auxiliado por el capit\u00e1n Logan Pause en funci\u00f3n de futbolista-entrenador.<\/p>\n<p>El equipo estadounidense cuenta con buenas experiencias en lo que se refiere a v\u00ednculos laborales con mexicanos. En el pasado, Cuauht\u00e9moc Blanco represent\u00f3 un boom, Pavel Pardo tambi\u00e9n dej\u00f3 varios destellos de su calidad y desde el banquillo, Carlos de los Cobos tambi\u00e9n cont\u00f3 con buenos momentos en el club.<\/p>\n<p><strong><span style=\"color: #ff0000;\">VIDEO: Antes de Zlatan fue Henrik.\u00a0<\/span><\/strong><\/p>\n<p>[video_player]https:\/\/player.vimeo.com\/external\/139748421.hd.mp4?s=23c3f501fc79d26ccfb87e4768ab8379&amp;profile_id=113[\/video_player]<\/p>\n","protected":false},"excerpt":{"rendered":"<p>El Piojo podr\u00eda asumir la direcci\u00f3n t\u00e9cnica de la entidad para el siguiente curso <\/p>\n","protected":false},"author":20,"featured_media":315825,"comment_status":"open","ping_status":"open","sticky":false,"template":"","format":"standard","meta":[],"categories":[5,3839],"tags":[345,255,195],"_links":{"self":[{"href":"http:\/\/desarrollo.grupomedios.com\/futbol\/wp-json\/wp\/v2\/posts\/315821"}],"collection":[{"href":"http:\/\/desarrollo.grupomedios.com\/futbol\/wp-json\/wp\/v2\/posts"}],"about":[{"href":"http:\/\/desarrollo.grupomedios.com\/futbol\/wp-json\/wp\/v2\/types\/post"}],"author":[{"embeddable":true,"href":"http:\/\/desarrollo.grupomedios.com\/futbol\/wp-json\/wp\/v2\/users\/20"}],"replies":[{"embeddable":true,"href":"http:\/\/desarrollo.grupomedios.com\/futbol\/wp-json\/wp\/v2\/comments?post=315821"}],"version-history":[{"count":0,"href":"http:\/\/desarrollo.grupomedios.com\/futbol\/wp-json\/wp\/v2\/posts\/315821\/revisions"}],"wp:featuredmedia":[{"embeddable":true,"href":"http:\/\/desarrollo.grupomedios.com\/futbol\/wp-json\/wp\/v2\/media\/315825"}],"wp:attachment":[{"href":"http:\/\/desarrollo.grupomedios.com\/futbol\/wp-json\/wp\/v2\/media?parent=315821"}],"wp:term":[{"taxonomy":"category","embeddable":true,"href":"http:\/\/desarrollo.grupomedios.com\/futbol\/wp-json\/wp\/v2\/categories?post=315821"},{"taxonomy":"post_tag","embeddable":true,"href":"http:\/\/desarrollo.grupomedios.com\/futbol\/wp-json\/wp\/v2\/tags?post=315821"}],"curies":[{"name":"wp","href":"https:\/\/api.w.org\/{rel}","templated":true}]}}