{"id":315860,"date":"2015-09-25T12:29:30","date_gmt":"2015-09-25T17:29:30","guid":{"rendered":"http:\/\/futboltotal.com.mx\/?p=315860"},"modified":"2015-09-25T12:31:50","modified_gmt":"2015-09-25T17:31:50","slug":"mourinho-vuelve-a-pegarle-a-wenger-con-sus-declaraciones","status":"publish","type":"post","link":"http:\/\/desarrollo.grupomedios.com\/futbol\/futbol-internacional\/mourinho-vuelve-a-pegarle-a-wenger-con-sus-declaraciones\/2015\/09","title":{"rendered":"Mourinho vuelve a &#8216;pegarle&#8217; a Wenger con sus frases"},"content":{"rendered":"<p>Jos\u00e9 Mourinho regresa a la pol\u00e9mica y de nuevo, con mensajes dirigidos a Arsene Wenger. El t\u00e9cnico portugu\u00e9s aprovech\u00f3 la rueda de prensa del viernes para dar su opini\u00f3n del franc\u00e9s, aunque nunca lleg\u00f3 a nombrarle.<\/p>\n<p>&#8220;En este pa\u00eds s\u00f3lo un entrenador no est\u00e1 bajo presi\u00f3n. Cualquier otro s\u00ed lo est\u00e1. Yo estoy bajo presi\u00f3n, Steve McClaren lo est\u00e1, Pellegrini tambi\u00e9n y Rodgers igual. Todos estos debemos cumplir con nuestro objetivo. Tengo simpat\u00eda por todos ellos porque es complicado. Pero hay uno fuera de la lista, pero es bueno para \u00e9l\u201d, dijo Mourinho.<\/p>\n<p>Arsene Wenger jam\u00e1s sali\u00f3 de la boca de Mourinho en toda la conferencia, aunque cuando le preguntaron si se refer\u00eda al t\u00e9cnico del Arsenal se\u00f1al\u00f3: &#8220;Usted sabe a qui\u00e9n me refiero. Es esa persona que puede hablar de los \u00e1rbitros antes del partido, despu\u00e9s del partido, puede empujar en el \u00e1rea t\u00e9cnica, gritar y llorar por la ma\u00f1ana y por la tarde. Pero no pasa nada porque sigue siendo el rey&#8221;, sentenci\u00f3 <em>Mou<\/em>.<\/p>\n<p style=\"text-align: center;\"><span style=\"color: #3366ff;\"><a style=\"color: #3366ff;\" href=\"http:\/\/futboltotal.com.mx\/futbol-internacional\/\">LEER M\u00c1S: Todas las noticias del futbol internacional.<\/a><\/span><\/p>\n<p>La tensi\u00f3n entre los dos t\u00e9cnicos no es algo novedoso y pese a que <a href=\"http:\/\/futboltotal.com.mx\/2015\/09\/el-extrano-saludo-entre-mourinho-y-wenger\/\">instantes antes de comenzar el Chelsea vs Arsenal se saludaron<\/a>, con el calor de la batalla otro episodio m\u00e1s aviv\u00f3 su enemistad. Una acci\u00f3n entre Diego Costa y Gabriel Paulista termin\u00f3 con\u00a0el futbolista de los <em>Gunners<\/em> expulsado\u00a0y d\u00edas despu\u00e9s la FA le meti\u00f3 tres partidos al hispano-brasile\u00f1o.<\/p>\n<p>Al t\u00e9rmino del partido Mourinho no quiso entrar en valoraciones por miedo a una sanci\u00f3n, pero hoy dio m\u00e1s detalles de su opini\u00f3n. &#8220;Parec\u00eda claro desde el a\u00f1o pasado con la expulsi\u00f3n a Matic que una reacci\u00f3n deb\u00eda ser castigada. Ahora sabemos que no siempre es as\u00ed&#8221;, sentenci\u00f3.<\/p>\n<p><em>The Special One\u00a0<\/em>se neg\u00f3 a contestar cuando le preguntaron si tem\u00eda que en el futuro los \u00e1rbitros miren de otra forma a Diego Costa. &#8220;No voy a contestar. Y te voy a decir por qu\u00e9. En el libro de reglas hay algunos \u00e1rbitros que pueden hablar de los \u00e1rbitros antes y despu\u00e9s de los partidos. Otros no pueden hacerlo. Yo estoy en la lista de aquellos que son castigados si hablan de los colegiados&#8221;, finaliz\u00f3.<\/p>\n<p>VIDEO: Antes de Zlatan fue Henrik. <\/p>\n<p>[video_player]https:\/\/player.vimeo.com\/external\/139748421.hd.mp4?s=23c3f501fc79d26ccfb87e4768ab8379&#038;profile_id=113[\/video_player]<\/p>\n","protected":false},"excerpt":{"rendered":"<p>El viernes fue aprovechado por el estratega portugu\u00e9s para a\u00f1adir una pol\u00e9mica m\u00e1s a su historial <\/p>\n","protected":false},"author":20,"featured_media":315861,"comment_status":"open","ping_status":"open","sticky":false,"template":"","format":"standard","meta":[],"categories":[3839,3846,5951],"tags":[2177,288],"_links":{"self":[{"href":"http:\/\/desarrollo.grupomedios.com\/futbol\/wp-json\/wp\/v2\/posts\/315860"}],"collection":[{"href":"http:\/\/desarrollo.grupomedios.com\/futbol\/wp-json\/wp\/v2\/posts"}],"about":[{"href":"http:\/\/desarrollo.grupomedios.com\/futbol\/wp-json\/wp\/v2\/types\/post"}],"author":[{"embeddable":true,"href":"http:\/\/desarrollo.grupomedios.com\/futbol\/wp-json\/wp\/v2\/users\/20"}],"replies":[{"embeddable":true,"href":"http:\/\/desarrollo.grupomedios.com\/futbol\/wp-json\/wp\/v2\/comments?post=315860"}],"version-history":[{"count":0,"href":"http:\/\/desarrollo.grupomedios.com\/futbol\/wp-json\/wp\/v2\/posts\/315860\/revisions"}],"wp:featuredmedia":[{"embeddable":true,"href":"http:\/\/desarrollo.grupomedios.com\/futbol\/wp-json\/wp\/v2\/media\/315861"}],"wp:attachment":[{"href":"http:\/\/desarrollo.grupomedios.com\/futbol\/wp-json\/wp\/v2\/media?parent=315860"}],"wp:term":[{"taxonomy":"category","embeddable":true,"href":"http:\/\/desarrollo.grupomedios.com\/futbol\/wp-json\/wp\/v2\/categories?post=315860"},{"taxonomy":"post_tag","embeddable":true,"href":"http:\/\/desarrollo.grupomedios.com\/futbol\/wp-json\/wp\/v2\/tags?post=315860"}],"curies":[{"name":"wp","href":"https:\/\/api.w.org\/{rel}","templated":true}]}}