{"id":315902,"date":"2015-09-25T16:47:42","date_gmt":"2015-09-25T21:47:42","guid":{"rendered":"http:\/\/futboltotal.com.mx\/?p=315902"},"modified":"2015-09-25T17:42:48","modified_gmt":"2015-09-25T22:42:48","slug":"a-15-anos-de-la-mejor-clavada-de-la-historia","status":"publish","type":"post","link":"http:\/\/desarrollo.grupomedios.com\/futbol\/no-todo-es-futbol\/a-15-anos-de-la-mejor-clavada-de-la-historia\/2015\/09","title":{"rendered":"A 15 a\u00f1os de la mejor clavada de la historia"},"content":{"rendered":"<p>Este 25 de septiembre se cumplen<strong> 15 a\u00f1os<\/strong> de una de las clavadas m\u00e1s asombrosas de la historia del baloncesto, que <strong>Vince Carter<\/strong> realiz\u00f3 en el juego entre <strong>Estados Unidos<\/strong> y <strong>Francia<\/strong>, de los <strong>Juegos Ol\u00edmpicos de S\u00eddney 2000<\/strong>.<\/p>\n<p>Para muchos aficionados y especialistas del baloncesto, la clavada que hizo <strong>Vince Carter<\/strong> es la mejor que se haya dado, sobre todo en los \u00faltimos a\u00f1os, pues el basquetbolista realiz\u00f3 un <em>Slam Dunk<\/em> de 2. 18 metros, para encestar el bal\u00f3n.<\/p>\n<p>Lo m\u00e1s sobresaliente de la jugada es que <strong>Vince Carter<\/strong> brinc\u00f3 a esa altura, por encima de un contrincante: el franc\u00e9s, Fr\u00e9dric Weis, para luego sellar la clavada de la muerte, en el juego entre <strong>Estados Unidos<\/strong> y <strong>Francia<\/strong>, de la Fase de Grupos de los <strong>Juegos Ol\u00edmpicos de S\u00eddney 2000<\/strong>.<\/p>\n<p><strong>Vince Carter<\/strong> se caracterizaba por hacer clavadas de este tipo, pero nunca volvi\u00f3 a repetir una como en el juego ante <strong>Francia<\/strong>, y ning\u00fan otro jugador ha podido emular tal haza\u00f1a; incluso, reconoci\u00f3 que no se hab\u00eda dado cuenta de que salt\u00f3 sobre un rival.<\/p>\n<p style=\"text-align: center;\"><span style=\"color: #3366ff;\"><strong><a style=\"color: #3366ff;\" href=\"http:\/\/futboltotal.com.mx\/2015\/09\/hackean-cuenta-de-entrenador-de-basquetbol-de-francia\/\">LEER M\u00c1S: Hackean cuenta de entrenador de basquetbol y env\u00edan pol\u00e9mico mensaje<\/a><\/strong><\/span><\/p>\n<p>&#8220;Todo el mundo lo vio; sin embargo, en ese momento yo ni siquiera sab\u00eda que hab\u00eda saltado sobre alguien. Rob\u00e9 el bal\u00f3n, doy dos pasos y salto, pero pens\u00e9 que hab\u00eda saltado desde demasiado lejos, que iba a ser cazado y que iba a ser objeto de burla. Por eso me excit\u00e9 tanto al conseguirlo&#8221;, describi\u00f3 el basquebolista.<\/p>\n<p><iframe loading=\"lazy\" src=\"https:\/\/www.youtube.com\/embed\/91PHBZOIYOs\" frameborder=\"0\" allowfullscreen=\"allowfullscreen\"><\/iframe><\/p>\n<p>El <em>Dream Team<\/em> y <strong>Francia<\/strong> se volvieron a enfrentar en la final de aquel torneo, donde los <strong>Estados Unidos<\/strong> se impusieron por marcador de 85 a 75, el 1 de octubre de 2015; a solo seis d\u00edas de haberse enfrentado en la primera fase.<\/p>\n","protected":false},"excerpt":{"rendered":"<p>Se cumplen 15 de la clavada de Vince Carter en los Juegos Ol\u00edmpicos de Sidney<\/p>\n","protected":false},"author":20,"featured_media":315930,"comment_status":"open","ping_status":"open","sticky":false,"template":"","format":"standard","meta":[],"categories":[5814,5418],"tags":[6208,5461],"_links":{"self":[{"href":"http:\/\/desarrollo.grupomedios.com\/futbol\/wp-json\/wp\/v2\/posts\/315902"}],"collection":[{"href":"http:\/\/desarrollo.grupomedios.com\/futbol\/wp-json\/wp\/v2\/posts"}],"about":[{"href":"http:\/\/desarrollo.grupomedios.com\/futbol\/wp-json\/wp\/v2\/types\/post"}],"author":[{"embeddable":true,"href":"http:\/\/desarrollo.grupomedios.com\/futbol\/wp-json\/wp\/v2\/users\/20"}],"replies":[{"embeddable":true,"href":"http:\/\/desarrollo.grupomedios.com\/futbol\/wp-json\/wp\/v2\/comments?post=315902"}],"version-history":[{"count":0,"href":"http:\/\/desarrollo.grupomedios.com\/futbol\/wp-json\/wp\/v2\/posts\/315902\/revisions"}],"wp:featuredmedia":[{"embeddable":true,"href":"http:\/\/desarrollo.grupomedios.com\/futbol\/wp-json\/wp\/v2\/media\/315930"}],"wp:attachment":[{"href":"http:\/\/desarrollo.grupomedios.com\/futbol\/wp-json\/wp\/v2\/media?parent=315902"}],"wp:term":[{"taxonomy":"category","embeddable":true,"href":"http:\/\/desarrollo.grupomedios.com\/futbol\/wp-json\/wp\/v2\/categories?post=315902"},{"taxonomy":"post_tag","embeddable":true,"href":"http:\/\/desarrollo.grupomedios.com\/futbol\/wp-json\/wp\/v2\/tags?post=315902"}],"curies":[{"name":"wp","href":"https:\/\/api.w.org\/{rel}","templated":true}]}}