{"id":316738,"date":"2015-09-27T19:12:06","date_gmt":"2015-09-28T00:12:06","guid":{"rendered":"http:\/\/futboltotal.com.mx\/?p=316738"},"modified":"2015-09-27T19:13:55","modified_gmt":"2015-09-28T00:13:55","slug":"inter-de-milan-pierde-el-liderato-por-goleada","status":"publish","type":"post","link":"http:\/\/desarrollo.grupomedios.com\/futbol\/futbol-internacional\/inter-de-milan-pierde-el-liderato-por-goleada\/2015\/09","title":{"rendered":"Inter de Milan pierde el liderato por goleada"},"content":{"rendered":"<p>La Fiorentina se dio un fest\u00edn en su visita al estadio <strong>Giuseppe Meazza<\/strong> donde venci\u00f3 por goleada 1-4 al <strong>Inter de Milan<\/strong> para arrebatarle la cima de la Serie A con <em>hat-trick<\/em>\u00a0del croata<strong> Nikola Kalinic<\/strong>.<\/p>\n<p>El nuevo refuerzo de la <em>Viola<\/em> para esta temporada fue un dolor de cabeza para la zaga <em>nerazzurri<\/em>, y apenas a los cuatro minutos provoc\u00f3 un penal que fue cobrado por el esloveno Josip Ilicic que signific\u00f3 el 0-1 tempranero.<\/p>\n<p>Con una presi\u00f3n que no permiti\u00f3 al <strong>Inter de Milan<\/strong> sentirse c\u00f3modo en la cancha, Ilicic tuvo tiempo de disparar de larga distancia, remate que fue detenido por el arquero Samir Handanovic, pero en el rebote Kalinic empuj\u00f3 el bal\u00f3n para el 0-2 y abrir su cuenta personal al 19\u2019.<\/p>\n<p>Poco tiempo pas\u00f3 en el duelo cuando el mediocampista espa\u00f1ol Marcos Alonso sali\u00f3 en un contraataque que termin\u00f3 con un centro para el atacante croata que alcanz\u00f3 a tocar el esf\u00e9rico con la punta del pie e increment\u00f3 0-3 la diferencia a los 23 minutos.<\/p>\n<p style=\"text-align: center;\"><span style=\"color: #3366ff;\"><strong><a style=\"color: #3366ff;\" href=\"http:\/\/futboltotal.com.mx\/futbol-internacional\/\">LEER M\u00c1S: Todas las noticias de futbol internacional<\/a><\/strong><\/span><\/p>\n<p><iframe loading=\"lazy\" src=\"https:\/\/www.youtube.com\/embed\/HGDIi3WcK3A\" frameborder=\"0\" allowfullscreen=\"allowfullscreen\"><\/iframe><\/p>\n<p>Las malas noticias para los dirigidos por Roberto Mancini no terminaron, y al 31\u2019 el defensa brasile\u00f1o Miranda se fue expulsado por una falta sobre Kalinic, dejando a su equipo con 10 hombres.<\/p>\n<p>En la parte complementaria, <strong>Inter de Milan<\/strong> se acercaron 1-3 con anotaci\u00f3n del argentino Mauro Icardi al rematar de cabeza en tiro libre al 60\u2019, y luego de que el bal\u00f3n rebot\u00f3 en el poste logr\u00f3 mandarlo al fondo de las redes.<\/p>\n<p>La obra la culmin\u00f3 al 76\u2019 Kalinic al disparar sin marca y sin portero un centro de Ilicic para el 1-4 final, lo que permiti\u00f3 a la Fiorentina tomar el liderato de la Serie A con 15 puntos, los mismos que Inter, pero con mejor diferencia de goles.<\/p>\n<p>&nbsp;<\/p>\n","protected":false},"excerpt":{"rendered":"<p>El croata Nikola Kalinic encumbra a la Fiorentina a la cima con un triplete en el Giuseppe Meazza <\/p>\n","protected":false},"author":20,"featured_media":316740,"comment_status":"open","ping_status":"open","sticky":false,"template":"","format":"standard","meta":[],"categories":[3839,3848,5951],"tags":[1053,227,5958],"_links":{"self":[{"href":"http:\/\/desarrollo.grupomedios.com\/futbol\/wp-json\/wp\/v2\/posts\/316738"}],"collection":[{"href":"http:\/\/desarrollo.grupomedios.com\/futbol\/wp-json\/wp\/v2\/posts"}],"about":[{"href":"http:\/\/desarrollo.grupomedios.com\/futbol\/wp-json\/wp\/v2\/types\/post"}],"author":[{"embeddable":true,"href":"http:\/\/desarrollo.grupomedios.com\/futbol\/wp-json\/wp\/v2\/users\/20"}],"replies":[{"embeddable":true,"href":"http:\/\/desarrollo.grupomedios.com\/futbol\/wp-json\/wp\/v2\/comments?post=316738"}],"version-history":[{"count":0,"href":"http:\/\/desarrollo.grupomedios.com\/futbol\/wp-json\/wp\/v2\/posts\/316738\/revisions"}],"wp:featuredmedia":[{"embeddable":true,"href":"http:\/\/desarrollo.grupomedios.com\/futbol\/wp-json\/wp\/v2\/media\/316740"}],"wp:attachment":[{"href":"http:\/\/desarrollo.grupomedios.com\/futbol\/wp-json\/wp\/v2\/media?parent=316738"}],"wp:term":[{"taxonomy":"category","embeddable":true,"href":"http:\/\/desarrollo.grupomedios.com\/futbol\/wp-json\/wp\/v2\/categories?post=316738"},{"taxonomy":"post_tag","embeddable":true,"href":"http:\/\/desarrollo.grupomedios.com\/futbol\/wp-json\/wp\/v2\/tags?post=316738"}],"curies":[{"name":"wp","href":"https:\/\/api.w.org\/{rel}","templated":true}]}}