{"id":316791,"date":"2015-09-27T21:20:58","date_gmt":"2015-09-28T02:20:58","guid":{"rendered":"http:\/\/futboltotal.com.mx\/?p=316791"},"modified":"2015-09-27T21:20:58","modified_gmt":"2015-09-28T02:20:58","slug":"el-11-ideal-de-la-jornada-10-de-la-liga-mx","status":"publish","type":"post","link":"http:\/\/desarrollo.grupomedios.com\/futbol\/destacado-home\/el-11-ideal-de-la-jornada-10-de-la-liga-mx\/2015\/09","title":{"rendered":"El 11 ideal de la jornada 10 de la Liga MX"},"content":{"rendered":"<p>Concluy\u00f3 la jornada 10 del <strong>Apertura 2015<\/strong>, donde se dieron grandes encuentros, y aunque esta fecha no fue tan productiva como las anteriores, si fue tan emotiva como las dem\u00e1s, pero en especial el Cl\u00e1sico Nacional y el duelo Universitario, hicieron vibrar a la afici\u00f3n, adem\u00e1s de mover la tabla general de la <strong><a href=\"http:\/\/www.futboltotal.com.mx\/futbol-mexicano\/\" target=\"_blank\">Liga MX<\/a><\/strong>.<\/p>\n<p>Futbolistas de <strong><a href=\"http:\/\/www.futboltotal.com.mx\/equipos\/guadalajara\/\" target=\"_blank\">Chivas<\/a><\/strong>, <strong><a href=\"http:\/\/www.futboltotal.com.mx\/equipos\/unam\/\" target=\"_blank\">Pumas<\/a><\/strong> y <strong><a href=\"http:\/\/www.futboltotal.com.mx\/equipos\/queretaro\/\" target=\"_blank\">Quer\u00e9taro<\/a><\/strong>, fueron los que m\u00e1s determinaron en el resultado de sus correspondientes encuentros, pero tambi\u00e9n, fueron los causantes de que las estad\u00edsticas de la <strong>Liga MX<\/strong>, volvieran a moverse.<\/p>\n<p><a href=\"http:\/\/futboltotal.com.mx\/wp-content\/uploads\/2015\/09\/ONCE_IDEAL_LIGA_MX-JORNADA-10.jpg\"><img decoding=\"async\" loading=\"lazy\" class=\"aligncenter wp-image-316794 size-full\" src=\"http:\/\/futboltotal.com.mx\/wp-content\/uploads\/2015\/09\/ONCE_IDEAL_LIGA_MX-JORNADA-10.jpg\" alt=\"ONCE_IDEAL_LIGA_MX-JORNADA-10\" srcset=\"http:\/\/desarrollo.grupomedios.com\/futbol\/wp-content\/uploads\/2015\/09\/ONCE_IDEAL_LIGA_MX-JORNADA-10.jpg 500w, http:\/\/desarrollo.grupomedios.com\/futbol\/wp-content\/uploads\/2015\/09\/ONCE_IDEAL_LIGA_MX-JORNADA-10-237x300.jpg 237w\" sizes=\"(max-width: 500px) 100vw, 500px\" \/><\/a><\/p>\n<p><em>Portero<\/em><\/p>\n<p><strong>Antonio Rodr\u00edguez | Chivas |<\/strong> <em>To\u00f1o<\/em> evit\u00f3 que el Am\u00e9rica empatara y se pusiera al frente en el marcador, por sus grandes atajadas. Aunque al final del encuentro, una acci\u00f3n suya propici\u00f3 una bronca entre los futbolistas del Cl\u00e1sico Nacional<\/p>\n<p><em>Defensas\u00a0<\/em><\/p>\n<p><strong>Gerardo Alcoba | Pumas |<\/strong> El zaguero de la UNAM aport\u00f3 mucho, tanto defensiva como ofensivamente, e inclusive en el cierre del encuentro, se atrevi\u00f3 a generar jugadas, que los delanteros dejaron de hacer.<\/p>\n<p><strong>Carlos Salcedo | Chivas |<\/strong> El central del <em>Reba\u00f1o Sagrado<\/em> arriesgo el f\u00edsico con tal de no dejar que las <em>\u00c1guilas<\/em> marcaran en el Cl\u00e1sico Nacional.<\/p>\n<p><strong>Dar\u00edo Ver\u00f3n | Pumas |<\/strong> Dar\u00edo nulific\u00f3 a Gignac, Sobis, Damm y Aquino durante el partido, e incluso provoc\u00f3 que Rafael saliera expulsado.<\/p>\n<p><em>Medios\u00a0<\/em><\/p>\n<p><strong>Carlos Esquivel | Toluca |<\/strong> Cardozo lo emple\u00f3 en el campo de manera que pudiera recuperar balones y crear jugadas de peligro; Esquivel respondi\u00f3 positivamente pues particip\u00f3 en las anotaciones de los <em>Diablos<\/em>.<\/p>\n<p><strong>Alejandro Castro | Pumas |<\/strong> Que el duelo universitario fuera impuesto por los de la UNAM, fue gracias al orden que estableci\u00f3 Alejandro en la media cancha <em>auriazul<\/em>.<\/p>\n<p><strong>William da Silva | Quer\u00e9taro |<\/strong> El brasile\u00f1o tuvo un gran desempe\u00f1o en la goleada sobre la Fiera, e hizo el gol que comenz\u00f3 la fiesta en la Corregidora.<\/p>\n<p><strong>Christian Berm\u00fadez | Puebla |<\/strong> El volante de la Franja comeinza a retomar su nivel, pues su gran desempe\u00f1o ayud\u00f3 a que los camoteros hicieran los dos goles con los que vencieron a Cruz Azul; uno de los tantos fue suyo.<\/p>\n<p><em>Delanteros\u00a0<\/em><\/p>\n<p><strong>Emanuel Villa | Quer\u00e9taro |<\/strong> El <em>Tito<\/em> sigue a la cabeza del goleo individual porque sigue contundente frente a la porter\u00eda, pues con doblete suyo, los <em>Gallos<\/em> vencieron 3-0 a la<em> Fiera.<\/em><\/p>\n<p><strong>Ismael Sosa | Pumas |<\/strong> Ismael tuvo un gran partido ante los Tigres, principalmente en el segundo tiempo, donde se convirti\u00f3 en el hombre m\u00e1s peligroso de la UNAM, e hizo el gol del triunfo.<\/p>\n<p><strong>Omar Bravo | Chivas |<\/strong> El <em>mochiteco<\/em> est\u00e1 en plan grande, su doblete sirvi\u00f3 para la victoria de Chivas, adem\u00e1s de er el goleador absoluto del club.<\/p>\n","protected":false},"excerpt":{"rendered":"<p>Estos once futbolistas sorprendieron en la fecha 10 del Apertura 2015<\/p>\n","protected":false},"author":20,"featured_media":296911,"comment_status":"open","ping_status":"open","sticky":false,"template":"","format":"standard","meta":[],"categories":[5,2198,3845],"tags":[5623,64],"_links":{"self":[{"href":"http:\/\/desarrollo.grupomedios.com\/futbol\/wp-json\/wp\/v2\/posts\/316791"}],"collection":[{"href":"http:\/\/desarrollo.grupomedios.com\/futbol\/wp-json\/wp\/v2\/posts"}],"about":[{"href":"http:\/\/desarrollo.grupomedios.com\/futbol\/wp-json\/wp\/v2\/types\/post"}],"author":[{"embeddable":true,"href":"http:\/\/desarrollo.grupomedios.com\/futbol\/wp-json\/wp\/v2\/users\/20"}],"replies":[{"embeddable":true,"href":"http:\/\/desarrollo.grupomedios.com\/futbol\/wp-json\/wp\/v2\/comments?post=316791"}],"version-history":[{"count":0,"href":"http:\/\/desarrollo.grupomedios.com\/futbol\/wp-json\/wp\/v2\/posts\/316791\/revisions"}],"wp:featuredmedia":[{"embeddable":true,"href":"http:\/\/desarrollo.grupomedios.com\/futbol\/wp-json\/wp\/v2\/media\/296911"}],"wp:attachment":[{"href":"http:\/\/desarrollo.grupomedios.com\/futbol\/wp-json\/wp\/v2\/media?parent=316791"}],"wp:term":[{"taxonomy":"category","embeddable":true,"href":"http:\/\/desarrollo.grupomedios.com\/futbol\/wp-json\/wp\/v2\/categories?post=316791"},{"taxonomy":"post_tag","embeddable":true,"href":"http:\/\/desarrollo.grupomedios.com\/futbol\/wp-json\/wp\/v2\/tags?post=316791"}],"curies":[{"name":"wp","href":"https:\/\/api.w.org\/{rel}","templated":true}]}}