{"id":316908,"date":"2015-09-28T16:33:28","date_gmt":"2015-09-28T21:33:28","guid":{"rendered":"http:\/\/futboltotal.com.mx\/?p=316908"},"modified":"2015-09-28T19:19:15","modified_gmt":"2015-09-29T00:19:15","slug":"entrevista-exclusiva-andres-guardado","status":"publish","type":"post","link":"http:\/\/desarrollo.grupomedios.com\/futbol\/destacado-home\/entrevista-exclusiva-andres-guardado\/2015\/09","title":{"rendered":"Entrevista exclusiva | Andr\u00e9s Guardado"},"content":{"rendered":"<p><strong> Futbol Total<\/strong> charl\u00f3 con<strong> Andr\u00e9s Guardado<\/strong>.\u00a0Gracias a la tecnolog\u00eda -v\u00eda <em>Skype-,<\/em>\u00a0platicamos virtualmente\u00a0con el jugador del <strong>PSV\u00a0Eindhoven<\/strong>. Y nos encontramos con un futbolista\u00a0relajado, muy contento y, como de costumbre, inteligente y sincero en cada respuesta.<\/p>\n<p><span style=\"color: #ff0000;\"><strong>Andr\u00e9s<\/strong>, \u00bfa qu\u00e9 jugador admirabas en tu infancia?<\/span><\/p>\n<p>&#8211; Admiraba a mi hermano Alejandro que jugaba futbol y yo pensaba que era buen\u00edsimo. \u00c9l era mi \u00eddolo. Ya un poco m\u00e1s grande, empec\u00e9 a admirar a <em>Rafa<\/em><strong> M\u00e1rquez<\/strong>, quien siempre me ha inspirado gran respeto. Despu\u00e9s he tenido la fortuna de pasar muchos a\u00f1os en la Selecci\u00f3n con \u00e9l. Desde que debut\u00f3 en <strong><a href=\"http:\/\/www.futboltotal.com.mx\/equipos\/atlas\/\" target=\"_blank\">Atlas<\/a><\/strong> y yo lo iba a ver al estadio, me siento muy identificado con \u00e9l porque se fue joven a jugar a Europa, sali\u00f3 de la misma cantera que yo, ha triunfado all\u00e1 y siempre ha sido un gran ejemplo para m\u00ed.<\/p>\n<p><span style=\"color: #ff0000;\">Est\u00e1s en uno de los mejores momentos de tu carrera, \u00bfc\u00f3mo te sientes con todo lo que est\u00e1s viviendo en el <strong>PSV<\/strong> y con la <strong>Selecci\u00f3n Mexicana<\/strong>?<\/span><\/p>\n<p>&#8211; Estoy muy contento. Yo creo que cuando uno sue\u00f1a o piensa en lo que quisiera tener en su carrera lo consigue, y eso es justo lo que estoy viviendo desde el a\u00f1o pasado. Estar en un equipo donde se te respeta, se te quiere, donde la gente valora tu trabajo y a la vez consigues t\u00edtulos, como me pas\u00f3 con el <strong>PSV<\/strong>, y con la <strong><a href=\"http:\/\/www.futboltotal.com.mx\/futbol-mexicano\/seleccion-mexicana\/\" target=\"_blank\">Selecci\u00f3n Mexicana<\/a><\/strong>, en <strong>Copa Oro<\/strong>, me hacen que no pueda pedir m\u00e1s. Estoy en un momento dulce de mi carrera y lo estoy disfrutando mucho, sobre todo porque la situaci\u00f3n que viv\u00ed hace dos a\u00f1os en <strong>Bayer Leverkusen<\/strong>\u00a0fue todo lo contrario. S\u00e9 que el futbol da muchas vueltas, as\u00ed que se tiene que disfrutar cuando se puede.<\/p>\n<p><span style=\"color: #ff0000;\"><strong>Andr\u00e9s Guardado<\/strong>, \u00bfte imaginabas tanto cari\u00f1o por parte de la afici\u00f3n del <strong>PSV<\/strong>?<\/span><\/p>\n<p>&#8211; No, no me imaginaba para nada el cari\u00f1o que me han demostrado en <strong>Eindhoven<\/strong>. No han parado de tener detalles conmigo, todo el a\u00f1o pasado estuvo lleno de sorpresas hacia m\u00ed: c\u00e1nticos, detalles en mi casa, el mosaico en el estadio. Mis vecinos me llevaban serenata a mi casa cuando naci\u00f3 M\u00e1ximo, mi hijo, me llevaron regalos para \u00e9l; hicieron una cerveza con mi nombre; el pasillo empezando el torneo. No han parado de sorprenderme. Me hicieron un mural dentro del estadio al lado de figuras como Romario, Ruud van Nistelrooy y otras grandes leyendas del equipo, eso es algo muy fuerte que jam\u00e1s hubiera esperado y estoy muy agradecido con toda la afici\u00f3n.<\/p>\n<p><a href=\"http:\/\/futboltotal.com.mx\/wp-content\/uploads\/2015\/09\/MOSAICO_PSV_ANDRES_GUARDADO.jpg\"><img decoding=\"async\" loading=\"lazy\" class=\"aligncenter size-full wp-image-316959\" src=\"http:\/\/futboltotal.com.mx\/wp-content\/uploads\/2015\/09\/MOSAICO_PSV_ANDRES_GUARDADO.jpg\" alt=\"MOSAICO_PSV_ANDRES_GUARDADO\" srcset=\"http:\/\/desarrollo.grupomedios.com\/futbol\/wp-content\/uploads\/2015\/09\/MOSAICO_PSV_ANDRES_GUARDADO.jpg 700w, http:\/\/desarrollo.grupomedios.com\/futbol\/wp-content\/uploads\/2015\/09\/MOSAICO_PSV_ANDRES_GUARDADO-300x150.jpg 300w\" sizes=\"(max-width: 700px) 100vw, 700px\" \/><\/a><\/p>\n<p><span style=\"color: #ff0000;\">\u00bfQu\u00e9 pasaba por tu cabeza cuando te hicieron ese mosaico en el partido contra el Groningen?<\/span><\/p>\n<p>&#8211; Fue una sorpresa que no esperaba. Nadie me hab\u00eda dicho nada de lo que ten\u00edan preparado. Justo est\u00e1bamos en el proceso de negociaci\u00f3n para ver si me quedaba o no en el club y fue un detalle incre\u00edble para m\u00ed. Entr\u00e9 al estadio como en cada juego. Del lado derecho estaba la barra que siempre nos apoya, ellos empezaron a cantar mi nombre cuando iba entrando a la cancha y se me hizo muy raro, nunca antes hab\u00eda pasado. Cuando volte\u00e9 vi que estaban haciendo el mosaico y ni siquiera supe qu\u00e9 hacer. Ahora veo las im\u00e1genes y pienso que deb\u00ed haber hecho otra cosa, tal vez ten\u00eda que haber agradecido de alguna otra manera&#8230; Me puse nervioso pero, definitivamente, es algo que voy a recordar toda mi vida.<\/p>\n<p style=\"text-align: center;\"><span style=\"color: #3366ff;\"><strong><a style=\"color: #3366ff;\" href=\"http:\/\/futboltotal.com.mx\/2015\/03\/andres-guardado-es-idolo-en-el-psv\/\">LEER M\u00c1S: Andr\u00e9s Guardado, \u00eddolo en el PSV<\/a><\/strong><\/span><\/p>\n<p><span style=\"color: #ff0000;\">Pocas personas conocen lo dif\u00edcil que es para los futbolistas el proceso de adaptaci\u00f3n cuando llegan a un pa\u00eds nuevo, \u00bfc\u00f3mo fue para ti llegar a Alemania en su momento? \u00bfC\u00f3mo ha sido tu adaptaci\u00f3n ahora que est\u00e1s viviendo en Holanda?<\/span><\/p>\n<p>&#8211; En Alemania me cost\u00f3 mucho m\u00e1s trabajo porque cuando deportivamente no tienes los minutos ni la confianza, todo se vuelve mucho m\u00e1s complicado. Por el idioma es dif\u00edcil ir a comprar leche, verduras -tu comida en general- y si a eso le sumas que profesionalmente que es a lo que vas, que es a jugar o a trabajar, no lo disfrutas, esas dificultades se agrandan mucho m\u00e1s. <strong>En Alemania me cost\u00f3 much\u00edsimo trabajo por esa raz\u00f3n, yo no me sent\u00eda contento<\/strong>.<\/p>\n<p>En Holanda fue todo lo contrario, desde el principio tuve la confianza del entrenador y de toda la gente, eso me ayud\u00f3 much\u00edsimo a poder adaptarme mejor. Estar contento dentro de la cancha y deportivamente hablando me ayud\u00f3 a ver todo con otra cara mucho m\u00e1s positiva en cuanto a las dificultades de la vida diaria. Afortunadamente llegu\u00e9 a una instituci\u00f3n muy profesional y cuando lo hice pusieron a muchas personas a disposici\u00f3n m\u00eda para lo que yo necesitara, eso tambi\u00e9n fue de gran ayuda para que todo fuera mucho m\u00e1s f\u00e1cil.<\/p>\n<p><span style=\"color: #ff0000;\">\u00bfC\u00f3mo has manejado el tema del idioma en Holanda?<\/span><\/p>\n<p>&#8211; He mejorado mucho mi ingl\u00e9s y, aunque no lo hablo perfecto, ahora puedo mantener una conversaci\u00f3n y ser mucho m\u00e1s fluido. Adem\u00e1s, afortunadamente, me he encontrado con una cultura en la que todo el mundo habla ingl\u00e9s, en el s\u00faper o donde sea la gente que te atiende lo habla y si t\u00fa dices que no sabes holand\u00e9s, la gente te ayuda much\u00edsimo.<\/p>\n<p><span style=\"color: #ff0000;\">\u00bfExtra\u00f1as <strong>M\u00e9xico<\/strong>? \u00bfTe falta algo?<\/span><\/p>\n<p>&#8211; No, la verdad no. Llevo muchos a\u00f1os fuera y ya me acostumbr\u00e9 a no extra\u00f1ar, ni siquiera me doy tiempo de pensar en eso. Si acaso, yo creo que lo que m\u00e1s me har\u00eda falta de M\u00e9xico es la comida, a veces pienso en los tacos de la esquina o en las tortas ahogadas de Guadalajara (risas), tal vez eso es lo que m\u00e1s extra\u00f1o.<\/p>\n<p><span style=\"color: #ff0000;\">\u00bfQu\u00e9 tan importante ha sido para ti el hecho de salirte de tu zona de <em>confort<\/em> para llegar adonde est\u00e1s ahora?<\/span><\/p>\n<p>&#8211; Yo creo que para poder crecer, lo m\u00e1s importante es salirse constantemente de la zona de <em>confort<\/em>. Para m\u00ed ha sido fundamental el hecho de no haberme acomodado en ninguna parte. Solamente en el Depor, que fue donde cumpl\u00ed un contrato largo de cinco a\u00f1os y donde estuve m\u00e1s tiempo, me acomod\u00e9 pero en todos estos a\u00f1os siempre he buscado la opci\u00f3n de salir para dar un salto hacia delante. A lo mejor no se daban las cosas y esto se dio hasta el final, pero desde que empec\u00e9 mi carrera esa ha sido mi mentalidad.<\/p>\n<p>Desde el <strong>Atlas<\/strong> debut\u00e9 con la idea de poder hacer bien las cosas para llegar a la <strong>Selecci\u00f3n Mexicana<\/strong> y jugar en <strong>Europa<\/strong>, para irme a otro equipo y cumplir mis sue\u00f1os en este continente. Estoy muy orgulloso de lo poco o lo mucho que he conseguido porque mis decisiones las he tomado guiado solamente por el instinto deportivo y no por otras cosas, siempre he buscado mi beneficio deportivo y no el econ\u00f3mico o de otras cosas.<\/p>\n<p>Despu\u00e9s vas creciendo y empiezas a tomar decisiones no solo deportivas sino pensando en tu familia y tu estabilidad, pero hasta ahora siempre lo he manejado as\u00ed. La decisi\u00f3n que tom\u00e9 de irme a Alemania y que no saliera bien me ha hecho valorar mucho m\u00e1s lo que tengo y poder disfrutar cada uno de estos momentos.<\/p>\n<p><a href=\"http:\/\/futboltotal.com.mx\/wp-content\/uploads\/2015\/09\/andres_guardado_psv.jpg\"><img decoding=\"async\" loading=\"lazy\" class=\"aligncenter size-full wp-image-316962\" src=\"http:\/\/futboltotal.com.mx\/wp-content\/uploads\/2015\/09\/andres_guardado_psv.jpg\" alt=\"andres_guardado_psv\" srcset=\"http:\/\/desarrollo.grupomedios.com\/futbol\/wp-content\/uploads\/2015\/09\/andres_guardado_psv.jpg 700w, http:\/\/desarrollo.grupomedios.com\/futbol\/wp-content\/uploads\/2015\/09\/andres_guardado_psv-300x150.jpg 300w\" sizes=\"(max-width: 700px) 100vw, 700px\" \/><\/a><\/p>\n<p><span style=\"color: #ff0000;\">Fuiste criticado cuando saliste del Valencia al Bayer Leverkusen y cuando la <strong>Selecci\u00f3n Mexicana<\/strong> pasaba por un mal momento, \u00bftus logros con el <strong>PSV<\/strong> y con <strong>M\u00e9xico<\/strong> han sido una revancha?<\/span><\/p>\n<p>&#8211; A lo mejor se podr\u00eda prestar para esa idea, pero realmente <strong>nunca he hecho las cosas con la intenci\u00f3n de silenciar las cr\u00edticas<\/strong> o como parte de mi motivaci\u00f3n. Claro que ayuda el hecho de que te hagan buenos comentarios despu\u00e9s de una mala racha, pero el futbol da muchas vueltas y s\u00e9 que podr\u00eda volver a caer en alg\u00fan bache porque es normal, es humano, es parte de este deporte y no pasa nada. Pero mi motivaci\u00f3n va por otro lado.<\/p>\n<p><span style=\"color: #ff0000;\">Despu\u00e9s de haber disputado m\u00e1s de 100 partidos con la <strong>Selecci\u00f3n Mexicana<\/strong>, finalmente se te otorg\u00f3 el gafete de capit\u00e1n. \u00bfTe hac\u00eda falta un reconocimiento como ese?<\/span><\/p>\n<p>&#8211; La verdad, s\u00ed siento que ha cambiado, pero nunca pens\u00e9 que fuera para tanto el hecho de ser el capit\u00e1n del equipo. Siempre uno sue\u00f1a con serlo y quer\u00eda que llegara mi momento, pero despu\u00e9s de que ya tienes el gafete te das cuenta de la responsabilidad tan grande que tienes. Te vuelves el portavoz del equipo, el motivador, el ejemplo y muchas otras cosas dentro y fuera de la cancha, y s\u00ed me he sentido diferente con compa\u00f1eros, con la prensa y con gente del exterior. La gente te ve con otros ojos y ah\u00ed empiezas a ganarte un respeto mayor y eso es algo muy lindo. Volteo para atr\u00e1s y llevo casi 10 a\u00f1os con la <strong>Selecci\u00f3n Mexicana<\/strong>, casi 120 partidos jugados con el equipo y me siento muy orgulloso de eso.<\/p>\n<p style=\"text-align: center;\"><strong><a style=\"color: #3366ff;\" href=\"http:\/\/futboltotal.com.mx\/2015\/09\/andres-guardado-se-corta-el-cabello\/\">LEER M\u00c1S: \u00bfAndr\u00e9s Guardado cambia de look?<\/a><\/strong><\/p>\n<p><span style=\"color: #ff0000;\">Otros equipos de CONCACAF\u00a0han crecido futbol\u00edsticamente, \u00bfcrees que <strong>M\u00e9xico<\/strong> se ha estancado o rezagado?<\/span><\/p>\n<p>&#8211; No siento que <strong>M\u00e9xico<\/strong> se haya quedado rezagado, pero <strong>a lo mejor s\u00ed nos hemos quedado estancados en la mentalidad de ese<\/strong><strong>\u00a0Gigante de CONCACAF<\/strong><em>,<\/em> diciendo que estamos en una zona f\u00e1cil y que tenemos que ganar con sencillez, pero la realidad es que hay todo tipo de rivales en CONCACAF. Las distancias se han acortado pero no solamente en nuestra zona, creo que es algo que ha pasado en todo el mundo. Ahora pa\u00edses como <strong>Holanda<\/strong>, <strong>Argentina<\/strong>, <strong>Brasil<\/strong>, <strong>Alemania<\/strong> y otras potencias mundiales tambi\u00e9n enfrentan a <strong>M\u00e9xico<\/strong> y saben que los vamos a complicar porque para ellos tampoco es lo que era antes.<\/p>\n<p><strong>Nosotros en CONCACAF\u00a0\u00e9ramos gigantes, pero ahora cambiamos los papeles cuando enfrentamos a los gigantes de verdad<\/strong>. Ellos saben que enfrentar a una selecci\u00f3n como la mexicana o a pa\u00edses como Costa Rica, Honduras, Bolivia y Per\u00fa o el mismo Jamaica -que le complic\u00f3 las cosas a sus tres rivales en la Copa Am\u00e9rica- ya no es lo mismo que antes. Es una realidad que los dem\u00e1s equipos han crecido y justamente por eso nuestro equipo tiene que continuar buscando una evoluci\u00f3n constante.<\/p>\n<p style=\"text-align: left;\"><span style=\"color: #3366ff;\"><strong><a href=\"http:\/\/futboltotal.com.mx\/wp-content\/uploads\/2015\/09\/rapidas_guardado.jpg\"><img decoding=\"async\" loading=\"lazy\" class=\"aligncenter size-full wp-image-317025\" src=\"http:\/\/futboltotal.com.mx\/wp-content\/uploads\/2015\/09\/rapidas_guardado.jpg\" alt=\"rapidas_guardado\" srcset=\"http:\/\/desarrollo.grupomedios.com\/futbol\/wp-content\/uploads\/2015\/09\/rapidas_guardado.jpg 820w, http:\/\/desarrollo.grupomedios.com\/futbol\/wp-content\/uploads\/2015\/09\/rapidas_guardado-253x300.jpg 253w\" sizes=\"(max-width: 820px) 100vw, 820px\" \/><\/a><\/strong><\/span><\/p>\n<p><span style=\"color: #ff0000;\">Vayamos a la semifinal de la pasada\u00a0<strong>Copa Oro<\/strong>,\u00a0contra Panam\u00e1. \u00bfHubo alg\u00fan debate interno a la hora de tirar los penales controvertidos?<\/span><\/p>\n<p>&#8211; Hubo un peque\u00f1o debate interno. Pero fue m\u00e1s guiado por la reacci\u00f3n de los paname\u00f1os, no tanto porque yo pensara que no era penal. Por toda la protesta que se arm\u00f3 te entra la duda de si realmente era o no. Yo no pude ver claramente lo que pas\u00f3 y entr\u00e9 en debate interno por la reacci\u00f3n que tuvieron ellos. Como lo dije despu\u00e9s del partido, el futbol es as\u00ed con todos los equipos. \u00bfCu\u00e1ntas veces no hay errores arbitrales? No solamente penales, tambi\u00e9n los hay en faltas que no eran y los cobran con tiro libre en contra, entonces mandan un centro y te terminan anotando un gol de \u00faltimo minuto. Es futbol y lamentablemente la gente meti\u00f3 cosas mucho m\u00e1s fuertes por el tema del penal.<\/p>\n<p>Me juzgaron como si yo hubiera tenido que ser el salvador de <strong>M\u00e9xico<\/strong>. Hubo muchos comentarios que yo le\u00eda en redes sociales; <strong>un se\u00f1or, por ejemplo, me escribi\u00f3 que yo era un ejemplo para su hijo y \u00a1vaya ejemplo que le estaba dando!<\/strong> Que ojal\u00e1 le pusiera el video a M\u00e1ximo, mi hijo, cuando crezca para que vea el tipo de pap\u00e1 que tiene. Cosas que nada tienen que ver con la educaci\u00f3n de mi hijo o del suyo.\u00a0Yo no voy a educar a los hijos de los dem\u00e1s, l\u00f3gicamente.<\/p>\n<p><a href=\"http:\/\/futboltotal.com.mx\/wp-content\/uploads\/2015\/09\/COPA_ORO_MEXICO_CAMPEON_ANDRES_GUARDADO.jpg\"><img decoding=\"async\" loading=\"lazy\" class=\"aligncenter size-full wp-image-316960\" src=\"http:\/\/futboltotal.com.mx\/wp-content\/uploads\/2015\/09\/COPA_ORO_MEXICO_CAMPEON_ANDRES_GUARDADO.jpg\" alt=\"COPA_ORO_MEXICO_CAMPEON_ANDRES_GUARDADO\" srcset=\"http:\/\/desarrollo.grupomedios.com\/futbol\/wp-content\/uploads\/2015\/09\/COPA_ORO_MEXICO_CAMPEON_ANDRES_GUARDADO.jpg 700w, http:\/\/desarrollo.grupomedios.com\/futbol\/wp-content\/uploads\/2015\/09\/COPA_ORO_MEXICO_CAMPEON_ANDRES_GUARDADO-300x150.jpg 300w\" sizes=\"(max-width: 700px) 100vw, 700px\" \/><\/a><\/p>\n<p><strong>Creo que la situaci\u00f3n lleg\u00f3 a extremos que dan hasta risa, pero sinceramente dentro de la cancha t\u00fa no tienes la repetici\u00f3n que toda la gente ve por televisi\u00f3n.<\/strong> Yo pensaba, \u00bfqu\u00e9 pasar\u00eda si lo llego a fallar y despu\u00e9s veo la repetici\u00f3n y resulta que s\u00ed era penal? Mi equipo me hubiera matado, la gente tambi\u00e9n. Mientras tanto, si eran peras o manzanas, yo ten\u00eda que hacer mi trabajo y definir como lo hice para cobrar ese penal, cada quien me juzg\u00f3 como quiso, pero es futbol y es as\u00ed como yo lo veo. Es un deporte pero, a veces, est\u00e1 sobrevalorado en muchas situaciones de la vida y se da mayor importancia a muchas cosas. Bueno, todo forma parte de&#8230;<\/p>\n<p style=\"text-align: center;\"><strong><span style=\"color: #3366ff;\"><a style=\"color: #3366ff;\" href=\"http:\/\/futboltotal.com.mx\/2015\/04\/las-10-cosas-que-querias-saber-sobre-andres-guardado\/\">LEER M\u00c1S: 10 cosas que quer\u00edas saber sobre\u2026 Andr\u00e9s Guardado<\/a><\/span><\/strong><\/p>\n<p><span style=\"color: #ff0000;\">\u00daltima\u00a0para\u00a0<strong>Andr\u00e9s Guardado<\/strong>, \u00bfcu\u00e1ndo volver\u00e1 a ser campe\u00f3n tu querido Atlas?<\/span><\/p>\n<p>&#8211; Pues esperemos que cuando yo regrese (risas). Ya en serio, ojal\u00e1 que sea antes, por ejemplo, este a\u00f1o. <strong>Uno de mis sue\u00f1os <em>guajiros<\/em> es poder regresar a retirarme y ser campe\u00f3n con el Atlas. Yo creo que al d\u00eda siguiente me podr\u00eda morir en paz si lo logro<\/strong>.<\/p>\n<p><em>Entrevista realizada por <a href=\"https:\/\/twitter.com\/pattylopezdelac\">Patty L\u00f3pez de la Cerda<\/a><\/em><\/p>\n","protected":false},"excerpt":{"rendered":"<p>&#8220;Nunca he hecho las cosas con la intenci\u00f3n de silenciar las cr\u00edticas&#8221;<\/p>\n","protected":false},"author":20,"featured_media":316923,"comment_status":"open","ping_status":"open","sticky":false,"template":"","format":"standard","meta":[],"categories":[5,3839,2198,3847],"tags":[6046,142,3224],"_links":{"self":[{"href":"http:\/\/desarrollo.grupomedios.com\/futbol\/wp-json\/wp\/v2\/posts\/316908"}],"collection":[{"href":"http:\/\/desarrollo.grupomedios.com\/futbol\/wp-json\/wp\/v2\/posts"}],"about":[{"href":"http:\/\/desarrollo.grupomedios.com\/futbol\/wp-json\/wp\/v2\/types\/post"}],"author":[{"embeddable":true,"href":"http:\/\/desarrollo.grupomedios.com\/futbol\/wp-json\/wp\/v2\/users\/20"}],"replies":[{"embeddable":true,"href":"http:\/\/desarrollo.grupomedios.com\/futbol\/wp-json\/wp\/v2\/comments?post=316908"}],"version-history":[{"count":0,"href":"http:\/\/desarrollo.grupomedios.com\/futbol\/wp-json\/wp\/v2\/posts\/316908\/revisions"}],"wp:featuredmedia":[{"embeddable":true,"href":"http:\/\/desarrollo.grupomedios.com\/futbol\/wp-json\/wp\/v2\/media\/316923"}],"wp:attachment":[{"href":"http:\/\/desarrollo.grupomedios.com\/futbol\/wp-json\/wp\/v2\/media?parent=316908"}],"wp:term":[{"taxonomy":"category","embeddable":true,"href":"http:\/\/desarrollo.grupomedios.com\/futbol\/wp-json\/wp\/v2\/categories?post=316908"},{"taxonomy":"post_tag","embeddable":true,"href":"http:\/\/desarrollo.grupomedios.com\/futbol\/wp-json\/wp\/v2\/tags?post=316908"}],"curies":[{"name":"wp","href":"https:\/\/api.w.org\/{rel}","templated":true}]}}