{"id":317035,"date":"2015-09-28T19:59:35","date_gmt":"2015-09-29T00:59:35","guid":{"rendered":"http:\/\/futboltotal.com.mx\/?p=317035"},"modified":"2015-09-28T19:59:35","modified_gmt":"2015-09-29T00:59:35","slug":"vergara-cree-que-nestor-de-la-torre-esta-ardido","status":"publish","type":"post","link":"http:\/\/desarrollo.grupomedios.com\/futbol\/futbol-mexicano\/vergara-cree-que-nestor-de-la-torre-esta-ardido\/2015\/09","title":{"rendered":"Vergara cree que N\u00e9stor de la Torre est\u00e1 ardido"},"content":{"rendered":"<p>El due\u00f1o de <strong><a href=\"http:\/\/www.futboltotal.com.mx\/equipos\/guadalajara\/\" target=\"_blank\">Chivas<\/a><\/strong>, <strong>Jorge Vergara<\/strong>, piensa que todo lo que ha dicho <strong>N\u00e9stor de la Torre<\/strong> en su contra se debe a resentimiento del ex presidente deportivo del <em>Reba\u00f1o Sagrado<\/em>, y a pesar de todo, le desea lo mejor.<\/p>\n<p>Los comentarios entre <strong>N\u00e9stor de la Torre<\/strong> y <strong>Jorge Vergara<\/strong> no cesan, pues el due\u00f1o de <strong>Chivas<\/strong> le dio una vuelta m\u00e1s a todas las declaraciones que se han dado desde la salida de los hermanos de la Torre del Guadalajara.<\/p>\n<p>&#8220;Creo que est\u00e1 ardido, es todo lo que tiene, ya se le pasar\u00e1, me imagino que poco a poco&#8221;, se\u00f1al\u00f3 <strong>Jorge Vergara<\/strong>, en entrevista para <em>Claro Sports<\/em>.<\/p>\n<p style=\"text-align: center;\"><strong><span style=\"color: #3366ff;\"><a style=\"color: #3366ff;\" href=\"http:\/\/futboltotal.com.mx\/2015\/09\/jorge-vergara-estaria-dispuesto-a-dejar-a-chivas\/\">LEER M\u00c1S: Jorge Vergara estar\u00eda dispuesto a vender a Chivas<\/a><\/span><\/strong><\/p>\n<p><strong>Jorge Vergara<\/strong> cree que el rencor de <strong>N\u00e9stor de la Torre<\/strong> se debe no solo a su salida sino a la de su hermano Jos\u00e9 Manuel, pues no sucedi\u00f3 como esperaba,\u00a0&#8220;<em>Chepo<\/em> ten\u00eda que irse si perd\u00eda, yo me prepar\u00e9, \u00e9l no ten\u00eda un plan B&#8221;, agreg\u00f3.<\/p>\n<p>Finalmente, <strong>Jorge Vergara<\/strong> dijo que le desea lo mejor a <strong>N\u00e9stor de la Torre<\/strong>, pus no le guarda ning\u00fan rencor, pero espera que recapacite sobre lo que ha dicho y sus acciones como directivo de <strong>Chivas<\/strong>. &#8220;Que le vaya muy bien, espero que reconsidere lo que hizo y acepte que se equivoc\u00f3&#8221;, sentenci\u00f3.<\/p>\n<p style=\"text-align: center;\"><strong><span style=\"color: #3366ff;\"><a style=\"color: #3366ff;\" href=\"http:\/\/futboltotal.com.mx\/2015\/09\/nestor-de-la-torre-contradice-a-jorge-vergara\/\">LEER M\u00c1S: N\u00e9stor de la Torre contradice a Jorge Vergara<\/a><\/span><\/strong><\/p>\n","protected":false},"excerpt":{"rendered":"<p>El due\u00f1o de Chivas piensa que los comentarios de N\u00e9stor, son por resentimiento<\/p>\n","protected":false},"author":20,"featured_media":317046,"comment_status":"open","ping_status":"open","sticky":false,"template":"","format":"standard","meta":[],"categories":[2198,3845,5950],"tags":[70,243,1987],"_links":{"self":[{"href":"http:\/\/desarrollo.grupomedios.com\/futbol\/wp-json\/wp\/v2\/posts\/317035"}],"collection":[{"href":"http:\/\/desarrollo.grupomedios.com\/futbol\/wp-json\/wp\/v2\/posts"}],"about":[{"href":"http:\/\/desarrollo.grupomedios.com\/futbol\/wp-json\/wp\/v2\/types\/post"}],"author":[{"embeddable":true,"href":"http:\/\/desarrollo.grupomedios.com\/futbol\/wp-json\/wp\/v2\/users\/20"}],"replies":[{"embeddable":true,"href":"http:\/\/desarrollo.grupomedios.com\/futbol\/wp-json\/wp\/v2\/comments?post=317035"}],"version-history":[{"count":0,"href":"http:\/\/desarrollo.grupomedios.com\/futbol\/wp-json\/wp\/v2\/posts\/317035\/revisions"}],"wp:featuredmedia":[{"embeddable":true,"href":"http:\/\/desarrollo.grupomedios.com\/futbol\/wp-json\/wp\/v2\/media\/317046"}],"wp:attachment":[{"href":"http:\/\/desarrollo.grupomedios.com\/futbol\/wp-json\/wp\/v2\/media?parent=317035"}],"wp:term":[{"taxonomy":"category","embeddable":true,"href":"http:\/\/desarrollo.grupomedios.com\/futbol\/wp-json\/wp\/v2\/categories?post=317035"},{"taxonomy":"post_tag","embeddable":true,"href":"http:\/\/desarrollo.grupomedios.com\/futbol\/wp-json\/wp\/v2\/tags?post=317035"}],"curies":[{"name":"wp","href":"https:\/\/api.w.org\/{rel}","templated":true}]}}