{"id":317097,"date":"2015-09-29T09:14:46","date_gmt":"2015-09-29T14:14:46","guid":{"rendered":"http:\/\/futboltotal.com.mx\/?p=317097"},"modified":"2015-09-29T09:14:46","modified_gmt":"2015-09-29T14:14:46","slug":"ronaldinho-fuera-del-fluminense","status":"publish","type":"post","link":"http:\/\/desarrollo.grupomedios.com\/futbol\/futbol-internacional\/ronaldinho-fuera-del-fluminense\/2015\/09","title":{"rendered":"Ronaldinho, fuera del Fluminense"},"content":{"rendered":"<p><strong>Fluminense<\/strong> anunci\u00f3 que la salida del delantero <strong>Ronaldinho,<\/strong> quien la noche de este lunes comunic\u00f3 a los directivos del club su deseo por dejar la instituci\u00f3n.<\/p>\n<p>&#8220;Fluminense anuncia la ruptura del contrato con Ronaldinho Gaucho de forma amistosa y de mutuo acuerdo entre las partes&#8221;, anunci\u00f3 el club a trav\u00e9s de un comunicado difundido en su p\u00e1gina web.<\/p>\n<p>El ariete brasile\u00f1o, quien lleg\u00f3 al equipo hace poco m\u00e1s de tres meses, solicit\u00f3 a su hermano y representante <strong>Roberto de Assis Moreira<\/strong> sostuviera una reuni\u00f3n con el vicepresidente del equipo, Mario Bittencourt, para que pudieran acordar su salida.<\/p>\n<p>Ronaldinho tom\u00f3 la decisi\u00f3n debido a que no estaba conforme con el rendimiento que hab\u00eda tenido hasta el momento, el cual distaba en demas\u00eda de aquel que luci\u00f3 cuando militaba en Europa, seg\u00fan el informe del diario <em>Lance.<\/em><\/p>\n<p>Ronaldinho lleg\u00f3 al club el pasado 1 de julio y apenas jug\u00f3 cinco partidos. Aunque fue contratado con la intenci\u00f3n de que aportara lo mejor en el plano deportivo, su nivel no le permite ser titular, y sus aportaciones solo se limitaron en el plano comercial con la mejora en laventa de camisetas y entradas del <em>Flu<\/em>.<\/p>\n<p>Por ello <em>Dinho<\/em> tom\u00f3 la decisi\u00f3n de terminar su contrato antes de fin de a\u00f1o, siempre de acuerdo con la versi\u00f3n del rotativo, que deja abierta la posibilidad de que R10 anuncie el fin de su carrera futbol\u00edstica en un futuro inmediato.<\/p>\n<p>&nbsp;<\/p>\n","protected":false},"excerpt":{"rendered":"<p>La prensa brasile\u00f1a apunta que el delantero brasile\u00f1o est\u00e1 cerca de anunciar su retiro<\/p>\n","protected":false},"author":20,"featured_media":317104,"comment_status":"open","ping_status":"open","sticky":false,"template":"","format":"standard","meta":[],"categories":[3839,5951],"tags":[5997],"_links":{"self":[{"href":"http:\/\/desarrollo.grupomedios.com\/futbol\/wp-json\/wp\/v2\/posts\/317097"}],"collection":[{"href":"http:\/\/desarrollo.grupomedios.com\/futbol\/wp-json\/wp\/v2\/posts"}],"about":[{"href":"http:\/\/desarrollo.grupomedios.com\/futbol\/wp-json\/wp\/v2\/types\/post"}],"author":[{"embeddable":true,"href":"http:\/\/desarrollo.grupomedios.com\/futbol\/wp-json\/wp\/v2\/users\/20"}],"replies":[{"embeddable":true,"href":"http:\/\/desarrollo.grupomedios.com\/futbol\/wp-json\/wp\/v2\/comments?post=317097"}],"version-history":[{"count":0,"href":"http:\/\/desarrollo.grupomedios.com\/futbol\/wp-json\/wp\/v2\/posts\/317097\/revisions"}],"wp:featuredmedia":[{"embeddable":true,"href":"http:\/\/desarrollo.grupomedios.com\/futbol\/wp-json\/wp\/v2\/media\/317104"}],"wp:attachment":[{"href":"http:\/\/desarrollo.grupomedios.com\/futbol\/wp-json\/wp\/v2\/media?parent=317097"}],"wp:term":[{"taxonomy":"category","embeddable":true,"href":"http:\/\/desarrollo.grupomedios.com\/futbol\/wp-json\/wp\/v2\/categories?post=317097"},{"taxonomy":"post_tag","embeddable":true,"href":"http:\/\/desarrollo.grupomedios.com\/futbol\/wp-json\/wp\/v2\/tags?post=317097"}],"curies":[{"name":"wp","href":"https:\/\/api.w.org\/{rel}","templated":true}]}}