{"id":317099,"date":"2015-09-29T09:04:14","date_gmt":"2015-09-29T14:04:14","guid":{"rendered":"http:\/\/futboltotal.com.mx\/?p=317099"},"modified":"2015-09-29T11:12:11","modified_gmt":"2015-09-29T16:12:11","slug":"jurgen-klopp-si-fue-tentado-por-la-seleccion-mexicana","status":"publish","type":"post","link":"http:\/\/desarrollo.grupomedios.com\/futbol\/destacado-home\/jurgen-klopp-si-fue-tentado-por-la-seleccion-mexicana\/2015\/09","title":{"rendered":"J\u00fcrgen Klopp s\u00ed fue tentado por la Selecci\u00f3n Mexicana"},"content":{"rendered":"<p>El sue\u00f1o de la <strong>Selecci\u00f3n Mexicana<\/strong> de contar con un entrenador de primer nivel tras la salida de Miguel Herrera se\u00a0frustr\u00f3, el indicado para llegar al banquillo era el candidato ideal era <strong>J\u00fcrgen Klopp<\/strong><strong>, pero \u00e9ste declin\u00f3 al estar en un a\u00f1o sab\u00e1tico. <\/p>\n<p><strong>Guillermo Cant\u00fa<\/strong>, Secretario General de la Federaci\u00f3n Mexicana, reconoci\u00f3 que se busc\u00f3 Klopp para que fuera el mandam\u00e1s del <em>Tri<\/em>, pero no fue posible el acuerdo, situaci\u00f3n que revel\u00f3 en el programa <em>Marcaje Personal<\/em>. &#8220;Lo buscamos a trav\u00e9s de su representante, pero nos coment\u00f3 que no ser\u00eda posible porque quiere descansar por ahora&#8221;, confes\u00f3 el dirigente.<\/p>\n<p>Cant\u00fa comparti\u00f3 que el perfil del ex estratega del Dortmund le gustaba para tomar las riendas de la Selecci\u00f3n Mexicana, aunque entend\u00eda que &#8220;un t\u00e9cnico como Klopp tiene una desventaja en el corto plazo&#8221; al desconocer el futbol mexicano e incluso no hablar espa\u00f1ol.<\/p>\n<p style=\"text-align: center;\"><span style=\"color: #3366ff;\"><strong><a style=\"color: #3366ff;\" href=\"http:\/\/futboltotal.com.mx\/futbol-mexicano\/seleccion-mexicana\/\">LEER M\u00c1S: Todas las noticias de la Selecci\u00f3n Mexicana. <\/a><\/strong><\/span><\/p>\n<p>El Secretario General tambi\u00e9n acept\u00f3 que las negociaciones con los entrenadores se han complicado por el hecho de que algunos de ellos tienen contrato vigente, mientras que otros como Klopp mostraron su negativa.<\/p>\n<p>Cant\u00fa se\u00f1al\u00f3 que sobre Marcelo Bielsa no hubo un contacto real pues el estratega \u201cno ha estado disponible\u201d para entablar una charla. <\/p>\n<p>Por \u00faltimo, sobre Juan Carlos Osorio acept\u00f3 que es un perfil que le gusta como entrenador, aunque no profundiz\u00f3 sobre cu\u00e1l es la situaci\u00f3n real de las negociaciones, pues cree que &#8220;debe haber un respeto&#8221; para anunciar qui\u00e9n ser\u00e1 el entrenador elegido para la <strong>Selecci\u00f3n Mexicana<\/strong>.<\/p>\n<p><span style=\"color: #ff0000;\"><strong>VIDEO: Agenda de TV, Liga MX | Jornada 11<\/strong><\/span><\/p>\n<p>[video_player]https:\/\/player.vimeo.com\/external\/140806957.hd.mp4?s=cc56ffc58ae27eac744ad41d5051c7c8&amp;profile_id=113[\/video_player]<\/p>\n","protected":false},"excerpt":{"rendered":"<p>Guillermo Cant\u00fa habl\u00f3 sobre el acercamiento y la raz\u00f3n de la negativa <\/p>\n","protected":false},"author":20,"featured_media":317100,"comment_status":"open","ping_status":"open","sticky":false,"template":"","format":"standard","meta":[],"categories":[5,3847],"tags":[2863,5979],"_links":{"self":[{"href":"http:\/\/desarrollo.grupomedios.com\/futbol\/wp-json\/wp\/v2\/posts\/317099"}],"collection":[{"href":"http:\/\/desarrollo.grupomedios.com\/futbol\/wp-json\/wp\/v2\/posts"}],"about":[{"href":"http:\/\/desarrollo.grupomedios.com\/futbol\/wp-json\/wp\/v2\/types\/post"}],"author":[{"embeddable":true,"href":"http:\/\/desarrollo.grupomedios.com\/futbol\/wp-json\/wp\/v2\/users\/20"}],"replies":[{"embeddable":true,"href":"http:\/\/desarrollo.grupomedios.com\/futbol\/wp-json\/wp\/v2\/comments?post=317099"}],"version-history":[{"count":0,"href":"http:\/\/desarrollo.grupomedios.com\/futbol\/wp-json\/wp\/v2\/posts\/317099\/revisions"}],"wp:featuredmedia":[{"embeddable":true,"href":"http:\/\/desarrollo.grupomedios.com\/futbol\/wp-json\/wp\/v2\/media\/317100"}],"wp:attachment":[{"href":"http:\/\/desarrollo.grupomedios.com\/futbol\/wp-json\/wp\/v2\/media?parent=317099"}],"wp:term":[{"taxonomy":"category","embeddable":true,"href":"http:\/\/desarrollo.grupomedios.com\/futbol\/wp-json\/wp\/v2\/categories?post=317099"},{"taxonomy":"post_tag","embeddable":true,"href":"http:\/\/desarrollo.grupomedios.com\/futbol\/wp-json\/wp\/v2\/tags?post=317099"}],"curies":[{"name":"wp","href":"https:\/\/api.w.org\/{rel}","templated":true}]}}