{"id":317118,"date":"2015-09-29T10:25:14","date_gmt":"2015-09-29T15:25:14","guid":{"rendered":"http:\/\/futboltotal.com.mx\/?p=317118"},"modified":"2015-09-29T10:27:03","modified_gmt":"2015-09-29T15:27:03","slug":"arbitro-saca-arma-en-pleno-partido","status":"publish","type":"post","link":"http:\/\/desarrollo.grupomedios.com\/futbol\/videos\/arbitro-saca-arma-en-pleno-partido\/2015\/09","title":{"rendered":"\u00c1rbitro saca arma en pleno partido"},"content":{"rendered":"<p>Un partido de f\u00fatbol amateur en Brumandinho, la regi\u00f3n metropolitana de Belo Horizonte, termin\u00f3 con el \u00e1rbitro mostrando un rev\u00f3lver. La confusi\u00f3n ocurri\u00f3 en pleno partido, despu\u00e9s de que <strong>Gabriel Murta<\/strong><strong> fue golpeado por un jugador y reaccion\u00f3 mostrando el arma.<\/p>\n<p>El presidente de la liga, Valdenir de Castro, dijo que todo comenz\u00f3 cuando los suplentes y el entrenador del club <em>Los Amantes del Bal\u00f3n<\/em> irrumpieron en el campo pidiendo la expulsi\u00f3n de un rival. Fue entonces cuando un jugador se enfrasc\u00f3 en una batalla con el \u00e1rbitro. <\/p>\n<p>Por lo tanto, Gabriel Murta fue a los vestuarios y agarr\u00f3 una pistola. Volvi\u00f3 al terreno y fue sujetado por sus ayudantes. El agresor huy\u00f3 y nadie fue arrestado en el incidente, ya que no hab\u00eda polic\u00eda en el lugar.<\/p>\n<p><iframe loading=\"lazy\" src=\"https:\/\/www.youtube.com\/embed\/oKa9yjJdg3U\" frameborder=\"0\" allowfullscreen><\/iframe><\/p>\n","protected":false},"excerpt":{"rendered":"<p>El partido se desquici\u00f3 y el silbante busc\u00f3 controlarlo de una manera peculiar <\/p>\n","protected":false},"author":20,"featured_media":317120,"comment_status":"open","ping_status":"open","sticky":false,"template":"","format":"standard","meta":[],"categories":[5419,4],"tags":[2365],"_links":{"self":[{"href":"http:\/\/desarrollo.grupomedios.com\/futbol\/wp-json\/wp\/v2\/posts\/317118"}],"collection":[{"href":"http:\/\/desarrollo.grupomedios.com\/futbol\/wp-json\/wp\/v2\/posts"}],"about":[{"href":"http:\/\/desarrollo.grupomedios.com\/futbol\/wp-json\/wp\/v2\/types\/post"}],"author":[{"embeddable":true,"href":"http:\/\/desarrollo.grupomedios.com\/futbol\/wp-json\/wp\/v2\/users\/20"}],"replies":[{"embeddable":true,"href":"http:\/\/desarrollo.grupomedios.com\/futbol\/wp-json\/wp\/v2\/comments?post=317118"}],"version-history":[{"count":0,"href":"http:\/\/desarrollo.grupomedios.com\/futbol\/wp-json\/wp\/v2\/posts\/317118\/revisions"}],"wp:featuredmedia":[{"embeddable":true,"href":"http:\/\/desarrollo.grupomedios.com\/futbol\/wp-json\/wp\/v2\/media\/317120"}],"wp:attachment":[{"href":"http:\/\/desarrollo.grupomedios.com\/futbol\/wp-json\/wp\/v2\/media?parent=317118"}],"wp:term":[{"taxonomy":"category","embeddable":true,"href":"http:\/\/desarrollo.grupomedios.com\/futbol\/wp-json\/wp\/v2\/categories?post=317118"},{"taxonomy":"post_tag","embeddable":true,"href":"http:\/\/desarrollo.grupomedios.com\/futbol\/wp-json\/wp\/v2\/tags?post=317118"}],"curies":[{"name":"wp","href":"https:\/\/api.w.org\/{rel}","templated":true}]}}