{"id":317314,"date":"2015-09-29T15:29:30","date_gmt":"2015-09-29T20:29:30","guid":{"rendered":"http:\/\/futboltotal.com.mx\/?p=317314"},"modified":"2015-09-29T15:31:11","modified_gmt":"2015-09-29T20:31:11","slug":"deberia-ronaldinho-pensar-en-el-retiro","status":"publish","type":"post","link":"http:\/\/desarrollo.grupomedios.com\/futbol\/futbol-internacional\/deberia-ronaldinho-pensar-en-el-retiro\/2015\/09","title":{"rendered":"\u00bfDeber\u00eda Ronaldinho pensar en el retiro?"},"content":{"rendered":"<p>Como si fuera un d\u00e9j\u00e0 vu, <strong>Ronaldinho<\/strong> se cerr\u00f3 las puertas de su club, en esta ocasi\u00f3n fue <strong>Fluminense<\/strong> que decidi\u00f3 darlo de baja aunque ten\u00edan contrato hasta finales de 2016. A sus 35 primaveras, el atacante brasile\u00f1o viene a la baja en los \u00faltimos a\u00f1os, por ello la duda surge, \u00bfdeber\u00eda pensar en el retiro?<\/p>\n<p>Despu\u00e9s de brillar cinco a\u00f1os en Barcelona y dar cuentas positivas en Mil\u00e1n en tres temporadas, <em>Ronnie<\/em> regres\u00f3 a la liga de su pa\u00eds al Flamengo donde no termin\u00f3 por encajar ya que sali\u00f3 por la puerta de atr\u00e1s.<\/p>\n<p><a href=\"http:\/\/futboltotal.com.mx\/wp-content\/uploads\/2015\/09\/Ronaldinho-se-va-del-fluminense.jpg\"><img decoding=\"async\" loading=\"lazy\" class=\"alignnone size-full wp-image-317104\" src=\"http:\/\/futboltotal.com.mx\/wp-content\/uploads\/2015\/09\/Ronaldinho-se-va-del-fluminense.jpg\" alt=\"Ronaldinho-se-va-del-fluminense\" srcset=\"http:\/\/desarrollo.grupomedios.com\/futbol\/wp-content\/uploads\/2015\/09\/Ronaldinho-se-va-del-fluminense.jpg 820w, http:\/\/desarrollo.grupomedios.com\/futbol\/wp-content\/uploads\/2015\/09\/Ronaldinho-se-va-del-fluminense-300x201.jpg 300w\" sizes=\"(max-width: 820px) 100vw, 820px\" \/><\/a><\/p>\n<p>Con Atl\u00e9tico Mineiro logr\u00f3 retomar un segundo aire en su primer a\u00f1o, pero gradualmente baj\u00f3 su rendimiento hasta que se qued\u00f3 sin equipo. En, 2014 se convirti\u00f3 en el fichaje \u201cbomba\u201d del Quer\u00e9taro.<\/p>\n<p>Pese a que su arribo a la Liga MX caus\u00f3 euforia, la realidad es que su ef\u00edmero paso s\u00f3lo benefici\u00f3 a los <em>Gallos Blancos<\/em> en los econ\u00f3mico, pues en lo deportivo el aporte del <em>carioca<\/em> fue m\u00ednimo, consecuencia de sus indisciplinas.<\/p>\n<p style=\"text-align: center;\"><span style=\"color: #3366ff;\"><strong><a style=\"color: #3366ff;\" href=\"http:\/\/futboltotal.com.mx\/2015\/09\/ronaldinho-fuera-del-fluminense\/\" target=\"_blank\">LEER M\u00c1S: Ronaldinho, fuera del Fluminense<\/a><\/strong><\/span><\/p>\n<p>Toda vez que concluy\u00f3 su traves\u00eda por M\u00e9xico, <strong>Ronaldinho<\/strong> qued\u00f3 a la deriva, luego de semanas de incertidumbre <strong>Fluminense<\/strong> lo fich\u00f3. A casi tres meses de la contrataci\u00f3n, el atacante qued\u00f3 fuera del club luego de participar en nueve cotejos.<\/p>\n<p><em>Crack<\/em>, con este panorama, \u00bfcrees que es momento para que <em>Dinho<\/em> deje las canchas?<\/p>\n<p><span style=\"color: #ff0000;\">VIDEO: Jugadores que fueron t\u00e9cnicos al mismo tiempo<\/span><\/p>\n<p>[video_player]https:\/\/player.vimeo.com\/external\/137910199.sd.mp4?s=bb1c442348fbd8ee86baab9c18b621d9&amp;profile_id=112[\/video_player]<\/p>\n","protected":false},"excerpt":{"rendered":"<p>Fluminense dio de baja al atacante <\/p>\n","protected":false},"author":20,"featured_media":317318,"comment_status":"open","ping_status":"open","sticky":false,"template":"","format":"standard","meta":[],"categories":[3839],"tags":[5997],"_links":{"self":[{"href":"http:\/\/desarrollo.grupomedios.com\/futbol\/wp-json\/wp\/v2\/posts\/317314"}],"collection":[{"href":"http:\/\/desarrollo.grupomedios.com\/futbol\/wp-json\/wp\/v2\/posts"}],"about":[{"href":"http:\/\/desarrollo.grupomedios.com\/futbol\/wp-json\/wp\/v2\/types\/post"}],"author":[{"embeddable":true,"href":"http:\/\/desarrollo.grupomedios.com\/futbol\/wp-json\/wp\/v2\/users\/20"}],"replies":[{"embeddable":true,"href":"http:\/\/desarrollo.grupomedios.com\/futbol\/wp-json\/wp\/v2\/comments?post=317314"}],"version-history":[{"count":0,"href":"http:\/\/desarrollo.grupomedios.com\/futbol\/wp-json\/wp\/v2\/posts\/317314\/revisions"}],"wp:featuredmedia":[{"embeddable":true,"href":"http:\/\/desarrollo.grupomedios.com\/futbol\/wp-json\/wp\/v2\/media\/317318"}],"wp:attachment":[{"href":"http:\/\/desarrollo.grupomedios.com\/futbol\/wp-json\/wp\/v2\/media?parent=317314"}],"wp:term":[{"taxonomy":"category","embeddable":true,"href":"http:\/\/desarrollo.grupomedios.com\/futbol\/wp-json\/wp\/v2\/categories?post=317314"},{"taxonomy":"post_tag","embeddable":true,"href":"http:\/\/desarrollo.grupomedios.com\/futbol\/wp-json\/wp\/v2\/tags?post=317314"}],"curies":[{"name":"wp","href":"https:\/\/api.w.org\/{rel}","templated":true}]}}