{"id":317654,"date":"2015-09-30T10:25:33","date_gmt":"2015-09-30T15:25:33","guid":{"rendered":"http:\/\/futboltotal.com.mx\/?p=317654"},"modified":"2015-09-30T13:18:02","modified_gmt":"2015-09-30T18:18:02","slug":"guillermo-ochoa-estancado-en-el-malaga","status":"publish","type":"post","link":"http:\/\/desarrollo.grupomedios.com\/futbol\/destacado-home\/guillermo-ochoa-estancado-en-el-malaga\/2015\/09","title":{"rendered":"Guillermo Ochoa, estancado en el M\u00e1laga"},"content":{"rendered":"<p>La carrera de <strong>Guillermo Ochoa<\/strong> tuvo un punto de inflexi\u00f3n inesperado: convertirse en jugador del <strong>M\u00e1laga<\/strong>. En el verano de 2014, el mexicano apareci\u00f3 en la sala de prensa de La Rosaleda como el fichaje estrella del equipo. Fue la \u00fanica vez que se le vio tomar el microf\u00f3no con el club y la \u00faltima antes de vivir un debacle que ha marcado su traves\u00eda por Europa.<\/p>\n<p>Despu\u00e9s de la Copa del Mundo de Brasil 2014, en la que su prestigio como arquero se fue a la alza por aquel partido en el que desquici\u00f3 a Brasil, <strong>Guillermo Ochoa<\/strong> no ha vuelto a dar una exhibici\u00f3n como tal. En el <strong>M\u00e1laga<\/strong> su protagonismo ha quedado solo en la memoria de algunos y la continuidad que tant\u00f3 anhelo es una simple fantas\u00eda.<\/p>\n<p>&#8220;Vengo a dar lo mejor de mi. Estoy encantado de estar aqu\u00ed, vengo con la ilusi\u00f3n de dar mi m\u00e1ximo esfuerzo junto a mis compa\u00f1eros para que los aficionados del M\u00e1laga est\u00e9n contentos&#8221;, dijo el arquero el 1 de agosto de 2014 tras llegar como agente libre al conjunto andaluz.<br \/>\n<iframe loading=\"lazy\" src=\"https:\/\/www.youtube.com\/embed\/iLaA6RklKUE\" frameborder=\"0\" allowfullscreen=\"allowfullscreen\"><\/iframe><\/p>\n<p style=\"text-align: center;\"><span style=\"color: #3366ff;\"><strong><a style=\"color: #3366ff;\" href=\"http:\/\/futboltotal.com.mx\/futbol-internacional\/\">LEER M\u00c1S: Todas las noticias de futbol internacional<\/a><\/strong><\/span><\/p>\n<p><strong>Guillermo Ochoa<\/strong> tuvo que aguardar seis meses y 14 d\u00edas despu\u00e9s de aquella pesentaci\u00f3n para poder volver a jugar con un equipo de Primera Divisi\u00f3n. Para su mala fortuna no lo hizo en la Liga sino en Copa del Rey. El 3 de diciembre de 2014 apareci\u00f3 frente al Deportivo La Coru\u00f1a, con el dorsal 13 que le ha acompa\u00f1ado desde el d\u00eda en que naci\u00f3 y libr\u00f3 al M\u00e1laga de cuatro goles cantados; recibi\u00f3 uno pero poco pudo hacer ante la buena definici\u00f3n de Toche.<\/p>\n<p>La justa copera le sirvi\u00f3 como escaparate para no oxidarse y mostrar que ten\u00eda argumentos para pelear por la titularidad. A los directivos del M\u00e1laga les dej\u00f3 un grato sabor de boca. &#8220;Es un pedazo de arquero perr las decisiones las toma el entrenador&#8221;, apunt\u00f3 Vicente Casado, director general de la entidad.<\/p>\n<p>Pero ni as\u00ed logr\u00f3 convencer al t\u00e9cnico Javi Gracia, relevo de Bernd Shuster, cuya decisi\u00f3n fue tener a Ochoa con un rol secundario. Y no lo hizo por &#8220;capricho&#8221; como en su momento asegur\u00f3 el exseleccionaro de M\u00e9xico, Miguel Herrera, sino porque el portero Carlos Kameni hab\u00eda mostrado tener calibre para asumir la titularidad por la que luch\u00f3 cuando Willy Caballero era el indiscutible. El camerun\u00e9s hab\u00eda estado desde el primer d\u00eda en que arranc\u00f3 la pretemporada y eso fue determinante: &#8220;La realidad es que haber llegado a d\u00edas para inciar el campeonato le jug\u00f3 en contra&#8221;.<\/p>\n<p><a href=\"http:\/\/futboltotal.com.mx\/wp-content\/uploads\/2015\/09\/guillermo.jpg\"><img decoding=\"async\" loading=\"lazy\" class=\"alignnone size-full wp-image-317662\" src=\"http:\/\/futboltotal.com.mx\/wp-content\/uploads\/2015\/09\/guillermo.jpg\" alt=\"guillermo\" srcset=\"http:\/\/desarrollo.grupomedios.com\/futbol\/wp-content\/uploads\/2015\/09\/guillermo.jpg 600w, http:\/\/desarrollo.grupomedios.com\/futbol\/wp-content\/uploads\/2015\/09\/guillermo-300x166.jpg 300w\" sizes=\"(max-width: 600px) 100vw, 600px\" \/><\/a><\/p>\n<p>Se esperaba que Guillermo Ochoa cambiara de club en el verano, pero nunca hubo oferta formal por su pase. Los d\u00edas en que su nombre son\u00f3 en Inglaterra con el Liverpool fueron parte de una marabunta de rumores que hay en un mercado estival. Su salida qued\u00f3 aplazada; su continuidad tambi\u00e9n, pues han trascurrido seis jornadas de liga y sigue sin ver un solo minuto en Primera Divisi\u00f3n.<\/p>\n<p>La \u00faltima vez que el mexicano logr\u00f3 plantarse como titular del M\u00e1laga, fue el 29 de enero del 2015, ante Athletic de Bilbao en la Vuelta de Cuartos de Final de Copa del Rey. El M\u00e1laga qued\u00f3 eliminado y Ochoa le puso puntos suspensivos a una traves\u00eda que hoy tiene pinta de un clico interminable. Nunca imagin\u00f3 que despu\u00e9s de aquel d\u00eda en que expres\u00f3 que &#8220;haber llegado al M\u00e1laga fue la mejor decisi\u00f3n&#8221;, el tiempo se encargara de demostrarle lo contrario.<\/p>\n<p>&nbsp;<\/p>\n","protected":false},"excerpt":{"rendered":"<p>El sue\u00f1o del mexicano se apaga tras poco m\u00e1s de un a\u00f1o y medio sin jugar en Primera Divisi\u00f3n <\/p>\n","protected":false},"author":20,"featured_media":317663,"comment_status":"open","ping_status":"open","sticky":false,"template":"","format":"standard","meta":[],"categories":[5,3839,3844,5951],"tags":[5991,306],"_links":{"self":[{"href":"http:\/\/desarrollo.grupomedios.com\/futbol\/wp-json\/wp\/v2\/posts\/317654"}],"collection":[{"href":"http:\/\/desarrollo.grupomedios.com\/futbol\/wp-json\/wp\/v2\/posts"}],"about":[{"href":"http:\/\/desarrollo.grupomedios.com\/futbol\/wp-json\/wp\/v2\/types\/post"}],"author":[{"embeddable":true,"href":"http:\/\/desarrollo.grupomedios.com\/futbol\/wp-json\/wp\/v2\/users\/20"}],"replies":[{"embeddable":true,"href":"http:\/\/desarrollo.grupomedios.com\/futbol\/wp-json\/wp\/v2\/comments?post=317654"}],"version-history":[{"count":0,"href":"http:\/\/desarrollo.grupomedios.com\/futbol\/wp-json\/wp\/v2\/posts\/317654\/revisions"}],"wp:featuredmedia":[{"embeddable":true,"href":"http:\/\/desarrollo.grupomedios.com\/futbol\/wp-json\/wp\/v2\/media\/317663"}],"wp:attachment":[{"href":"http:\/\/desarrollo.grupomedios.com\/futbol\/wp-json\/wp\/v2\/media?parent=317654"}],"wp:term":[{"taxonomy":"category","embeddable":true,"href":"http:\/\/desarrollo.grupomedios.com\/futbol\/wp-json\/wp\/v2\/categories?post=317654"},{"taxonomy":"post_tag","embeddable":true,"href":"http:\/\/desarrollo.grupomedios.com\/futbol\/wp-json\/wp\/v2\/tags?post=317654"}],"curies":[{"name":"wp","href":"https:\/\/api.w.org\/{rel}","templated":true}]}}