{"id":317706,"date":"2015-09-30T13:12:51","date_gmt":"2015-09-30T18:12:51","guid":{"rendered":"http:\/\/futboltotal.com.mx\/?p=317706"},"modified":"2015-09-30T13:15:50","modified_gmt":"2015-09-30T18:15:50","slug":"iniesta-otra-baja-para-el-barcelona","status":"publish","type":"post","link":"http:\/\/desarrollo.grupomedios.com\/futbol\/futbol-internacional\/iniesta-otra-baja-para-el-barcelona\/2015\/09","title":{"rendered":"Iniesta, otra baja para el Barcelona"},"content":{"rendered":"<p>M\u00e1s cara la victoria para el <b>Barcelona<\/b> no pudo ser, ya que se confirm\u00f3 la <b>lesi\u00f3n<\/b> del espa\u00f1ol <b>Andr\u00e9s Iniesta<\/b>, quien estar\u00e1 fuera de actividad al menos un mes.<\/p>\n<p>Fue en el minuto 60 del partido por la segunda fecha de la <b>Champions League<\/b> ante el <b>Bayer Leverkusen<\/b> cuando <strong>Iniesta<\/strong> solicit\u00f3 su cambio a la banca, por una molestia en la pierna derecha, y fue sustituido por Jordi Alba. M\u00e1s tarde se confirm\u00f3 lo que muchos tem\u00edan, una<strong> lesi\u00f3n, por rotura de b\u00edceps femoral,<\/strong> por lo que ser\u00e1 baja del equipo, de <b>cuatro a seis semanas<\/b>.<\/p>\n<p style=\"text-align: center;\"><span style=\"color: #3366ff;\"><strong><a style=\"color: #3366ff;\" href=\"http:\/\/futboltotal.com.mx\/futbol-internacional\/\">LEER M\u00c1S: Todas las noticias de futbol internacional<\/a><\/strong><\/span><\/p>\n<p>Con esta lesi\u00f3n, <b>Iniesta<\/b> se perder\u00eda los duelos, en <b>Champions<\/b>, ante el <b>BATE Borisov<\/b>, y en la Liga espa\u00f1ola, ante el Sevilla, Rayo Vallecano, Eibar, Getafe y Villarreal, adem\u00e1s de los partidos de eliminatoria de la Euro 2016 con la selecci\u00f3n espa\u00f1ola, ante Luxemburgo y Ucrania; esperando estar ya al cien por ciento en el Cl\u00e1sico ante el Real Madrid.<\/p>\n<p>El club <em>blaugrana<\/em> suma un elemento m\u00e1s a la lista de bajas, que ya incluye a Lionel Messi, (dos meses), Claudio Bravo (sin tiempo definido), Rafinha (toda la temporada) y Thomas Vermaelen (un mes aprox)<\/p>\n","protected":false},"excerpt":{"rendered":"<p>El mediocampista sufr\u00e9 una lesi\u00f3n en la pierna derecha y es la quinta baja de los Cul\u00e9s <\/p>\n","protected":false},"author":20,"featured_media":317707,"comment_status":"open","ping_status":"open","sticky":false,"template":"","format":"standard","meta":[],"categories":[3841,3839,3844,5951],"tags":[5984,1293],"_links":{"self":[{"href":"http:\/\/desarrollo.grupomedios.com\/futbol\/wp-json\/wp\/v2\/posts\/317706"}],"collection":[{"href":"http:\/\/desarrollo.grupomedios.com\/futbol\/wp-json\/wp\/v2\/posts"}],"about":[{"href":"http:\/\/desarrollo.grupomedios.com\/futbol\/wp-json\/wp\/v2\/types\/post"}],"author":[{"embeddable":true,"href":"http:\/\/desarrollo.grupomedios.com\/futbol\/wp-json\/wp\/v2\/users\/20"}],"replies":[{"embeddable":true,"href":"http:\/\/desarrollo.grupomedios.com\/futbol\/wp-json\/wp\/v2\/comments?post=317706"}],"version-history":[{"count":0,"href":"http:\/\/desarrollo.grupomedios.com\/futbol\/wp-json\/wp\/v2\/posts\/317706\/revisions"}],"wp:featuredmedia":[{"embeddable":true,"href":"http:\/\/desarrollo.grupomedios.com\/futbol\/wp-json\/wp\/v2\/media\/317707"}],"wp:attachment":[{"href":"http:\/\/desarrollo.grupomedios.com\/futbol\/wp-json\/wp\/v2\/media?parent=317706"}],"wp:term":[{"taxonomy":"category","embeddable":true,"href":"http:\/\/desarrollo.grupomedios.com\/futbol\/wp-json\/wp\/v2\/categories?post=317706"},{"taxonomy":"post_tag","embeddable":true,"href":"http:\/\/desarrollo.grupomedios.com\/futbol\/wp-json\/wp\/v2\/tags?post=317706"}],"curies":[{"name":"wp","href":"https:\/\/api.w.org\/{rel}","templated":true}]}}