{"id":317710,"date":"2015-09-30T13:20:34","date_gmt":"2015-09-30T18:20:34","guid":{"rendered":"http:\/\/futboltotal.com.mx\/?p=317710"},"modified":"2015-09-30T13:21:01","modified_gmt":"2015-09-30T18:21:01","slug":"vamos-a-celebrar-el-gol-a-la-ambulancia","status":"publish","type":"post","link":"http:\/\/desarrollo.grupomedios.com\/futbol\/videos\/vamos-a-celebrar-el-gol-a-la-ambulancia\/2015\/09","title":{"rendered":"Vamos a celebrar el gol a la ambulancia"},"content":{"rendered":"<p>El <strong>gol<\/strong> es el elixir del futbol. Si un partido no lo tiene es sin\u00f3nimo de que faltaron alegr\u00edas. Cuando llega el tan ansiado momento de j\u00fabilo, en ocasiones los festejos son excesivos y rozan la locura. <\/p>\n<p>Justo eso ocurri\u00f3 en el balompi\u00e9 argentino. Se estaba disputando un partido de Primera C entre el Luj\u00e1n y el Argentino Merlo cuando el jugador <strong>Mariano Gorosito<\/strong> marc\u00f3 un potente derechazo para despu\u00e9s no encontrar ninguna manera de saciar su locura que festejando con un autom\u00f3vil que se encontraba estacionado a un costado de la cancha. Tal parece que pens\u00f3 <strong>&#8220;vamos a celebrar el gol a la ambulancia&#8221;<\/strong>. Sali\u00f3 despedido como torpedo del terreno de juego e ingres\u00f3 en el veh\u00edculo del cuerpo m\u00e9dico para tocar el clax\u00f3n y emocionar a los aficionados que se dieron cita al inmueble. <\/p>\n<p>La ins\u00f3lita celebraci\u00f3n le cost\u00f3 la tarjeta amarilla pero su equipo vapule\u00f3 al Luj\u00e1n por 4 a 0.<\/p>\n<p><iframe loading=\"lazy\" src=\"https:\/\/www.youtube.com\/embed\/ieg4Pw7oCvc\" frameborder=\"0\" allowfullscreen><\/iframe><\/p>\n","protected":false},"excerpt":{"rendered":"<p>No existen l\u00edmites para festejar en el futbol pero esto s\u00ed que fue in\u00e9dito <\/p>\n","protected":false},"author":20,"featured_media":317714,"comment_status":"open","ping_status":"open","sticky":false,"template":"","format":"standard","meta":[],"categories":[5419,4],"tags":[6217,6216,3658],"_links":{"self":[{"href":"http:\/\/desarrollo.grupomedios.com\/futbol\/wp-json\/wp\/v2\/posts\/317710"}],"collection":[{"href":"http:\/\/desarrollo.grupomedios.com\/futbol\/wp-json\/wp\/v2\/posts"}],"about":[{"href":"http:\/\/desarrollo.grupomedios.com\/futbol\/wp-json\/wp\/v2\/types\/post"}],"author":[{"embeddable":true,"href":"http:\/\/desarrollo.grupomedios.com\/futbol\/wp-json\/wp\/v2\/users\/20"}],"replies":[{"embeddable":true,"href":"http:\/\/desarrollo.grupomedios.com\/futbol\/wp-json\/wp\/v2\/comments?post=317710"}],"version-history":[{"count":0,"href":"http:\/\/desarrollo.grupomedios.com\/futbol\/wp-json\/wp\/v2\/posts\/317710\/revisions"}],"wp:featuredmedia":[{"embeddable":true,"href":"http:\/\/desarrollo.grupomedios.com\/futbol\/wp-json\/wp\/v2\/media\/317714"}],"wp:attachment":[{"href":"http:\/\/desarrollo.grupomedios.com\/futbol\/wp-json\/wp\/v2\/media?parent=317710"}],"wp:term":[{"taxonomy":"category","embeddable":true,"href":"http:\/\/desarrollo.grupomedios.com\/futbol\/wp-json\/wp\/v2\/categories?post=317710"},{"taxonomy":"post_tag","embeddable":true,"href":"http:\/\/desarrollo.grupomedios.com\/futbol\/wp-json\/wp\/v2\/tags?post=317710"}],"curies":[{"name":"wp","href":"https:\/\/api.w.org\/{rel}","templated":true}]}}