{"id":317721,"date":"2015-09-30T13:36:49","date_gmt":"2015-09-30T18:36:49","guid":{"rendered":"http:\/\/futboltotal.com.mx\/?p=317721"},"modified":"2015-09-30T13:36:49","modified_gmt":"2015-09-30T18:36:49","slug":"el-penalti-mas-absurdo-de-la-champions-de-asia","status":"publish","type":"post","link":"http:\/\/desarrollo.grupomedios.com\/futbol\/videos\/el-penalti-mas-absurdo-de-la-champions-de-asia\/2015\/09","title":{"rendered":"El penalti m\u00e1s absurdo de la Champions de Asia"},"content":{"rendered":"<p>Los <strong>\u00e1rbitros<\/strong> son malos en todos lados o bueno, se equivocan porque son humanos. Eso es algo que deben de tener bien claro los defensores, sobre todo, cuando no han escuchado el <strong>silbatazo<\/strong> para indicar que la jugada ha concluido. <\/p>\n<p>El defensa <strong>Salmeen Khamis<\/strong>, del Al Ahli de Emiratos \u00c1rabes Unidos, cometi\u00f3 por ello uno de los penaltis mas absurdos. El defensor observ\u00f3 que el esf\u00e9rico sali\u00f3 por la l\u00ednea de fondo sin que el \u00e1rbitro as\u00ed lo interpretara. A Salmeen no le import\u00f3 y agarr\u00f3 la redonda con las manos para entreg\u00e1rsela a su portero, pero el asistente marc\u00f3 penalti, pues a su juicio, el bal\u00f3n no hab\u00eda salido del campo. <\/p>\n<p>El defensor sufri\u00f3 ante el castigo, afortunadamente, Carlos Eduardo lo fall\u00f3 debido a un lance felino del guardameta. <strong>\u00a1El penalti m\u00e1s absurdo de la Champions de Asia! <\/strong><\/p>\n<p><iframe loading=\"lazy\" src=\"https:\/\/www.youtube.com\/embed\/GU-SItc56SQ\" frameborder=\"0\" allowfullscreen><\/iframe><\/p>\n","protected":false},"excerpt":{"rendered":"<p>Afortunadamente el rival fall\u00f3 desde los once pasos <\/p>\n","protected":false},"author":20,"featured_media":317726,"comment_status":"open","ping_status":"open","sticky":false,"template":"","format":"standard","meta":[],"categories":[4],"tags":[1168,6218],"_links":{"self":[{"href":"http:\/\/desarrollo.grupomedios.com\/futbol\/wp-json\/wp\/v2\/posts\/317721"}],"collection":[{"href":"http:\/\/desarrollo.grupomedios.com\/futbol\/wp-json\/wp\/v2\/posts"}],"about":[{"href":"http:\/\/desarrollo.grupomedios.com\/futbol\/wp-json\/wp\/v2\/types\/post"}],"author":[{"embeddable":true,"href":"http:\/\/desarrollo.grupomedios.com\/futbol\/wp-json\/wp\/v2\/users\/20"}],"replies":[{"embeddable":true,"href":"http:\/\/desarrollo.grupomedios.com\/futbol\/wp-json\/wp\/v2\/comments?post=317721"}],"version-history":[{"count":0,"href":"http:\/\/desarrollo.grupomedios.com\/futbol\/wp-json\/wp\/v2\/posts\/317721\/revisions"}],"wp:featuredmedia":[{"embeddable":true,"href":"http:\/\/desarrollo.grupomedios.com\/futbol\/wp-json\/wp\/v2\/media\/317726"}],"wp:attachment":[{"href":"http:\/\/desarrollo.grupomedios.com\/futbol\/wp-json\/wp\/v2\/media?parent=317721"}],"wp:term":[{"taxonomy":"category","embeddable":true,"href":"http:\/\/desarrollo.grupomedios.com\/futbol\/wp-json\/wp\/v2\/categories?post=317721"},{"taxonomy":"post_tag","embeddable":true,"href":"http:\/\/desarrollo.grupomedios.com\/futbol\/wp-json\/wp\/v2\/tags?post=317721"}],"curies":[{"name":"wp","href":"https:\/\/api.w.org\/{rel}","templated":true}]}}