{"id":317836,"date":"2015-09-30T15:32:10","date_gmt":"2015-09-30T20:32:10","guid":{"rendered":"http:\/\/futboltotal.com.mx\/?p=317836"},"modified":"2015-09-30T15:32:10","modified_gmt":"2015-09-30T20:32:10","slug":"angel-reyna-reporta-con-chivas","status":"publish","type":"post","link":"http:\/\/desarrollo.grupomedios.com\/futbol\/futbol-mexicano\/angel-reyna-reporta-con-chivas\/2015\/09","title":{"rendered":"\u00c1ngel Reyna reporta con Chivas"},"content":{"rendered":"<p>Medios de Guadalajara reportan que este mi\u00e9rcoles<strong> \u00c1ngel Reyna<\/strong>\u00a0se present\u00f3 al campamento de las\u00a0<strong>Chivas<\/strong>. Y aunque\u00a0por el\u00a0momento se desconoce si se reintegrar\u00e1 al primer equipo, trasciende el pol\u00e9mico\u00a0jugador asisti\u00f3\u00a0a\u00a0Verde Valle para platicar con <strong>Jaime Ordiales<\/strong>, quien presumiblemente\u00a0forma parte de la directiva\u00a0del <em>Reba\u00f1o<\/em>.<\/p>\n<p>Despu\u00e9s de estar m\u00e1s de un mes separado del primer equipo de\u00a0las <strong>Chivas<\/strong>, <strong>\u00c1ngel Reyna<\/strong> regres\u00f3 a las instalaciones del cuadro\u00a0<em>rojiblanco<\/em>, aunque se apunta que\u00a0no\u00a0pas\u00f3 a los vestidores ni ingres\u00f3 a la cancha.<\/p>\n<p><a href=\"http:\/\/futboltotal.com.mx\/wp-content\/uploads\/2015\/09\/angel_reyna_chivas1.jpg\"><img decoding=\"async\" loading=\"lazy\" class=\"aligncenter size-full wp-image-317859\" src=\"http:\/\/futboltotal.com.mx\/wp-content\/uploads\/2015\/09\/angel_reyna_chivas1.jpg\" alt=\"angel_reyna_chivas\" srcset=\"http:\/\/desarrollo.grupomedios.com\/futbol\/wp-content\/uploads\/2015\/09\/angel_reyna_chivas1.jpg 820w, http:\/\/desarrollo.grupomedios.com\/futbol\/wp-content\/uploads\/2015\/09\/angel_reyna_chivas1-300x110.jpg 300w\" sizes=\"(max-width: 820px) 100vw, 820px\" \/><\/a><\/p>\n<p>Cabe apuntar que desde el pasado\u00a0mi\u00e9rcoles, tras confirmarse el cese del <em>Chepo<\/em> de Torre y la llegada de Mat\u00edas Almeyda,\u00a0se espera que <strong>\u00c1ngel Reyna<\/strong>,\u00a0a quien le queda un a\u00f1o de contrato con el cuadro de Guadalajara,\u00a0se integre a los\u00a0entrenamientos del equipo <em>rojiblanco<\/em>.<\/p>\n<p>Sin embargo, el regreso del volante el primer equipo del\u00a0<em>Reba\u00f1o<\/em> a\u00fan no se ha concretado.<\/p>\n<p style=\"text-align: center;\"><span style=\"color: #3366ff;\"><strong><a style=\"color: #3366ff;\" href=\"http:\/\/futboltotal.com.mx\/2015\/09\/5-polemicas-de-angel-reyna\/\" target=\"_blank\">LEER M\u00c1S: Los pleitos de \u00c1ngel Reyna<\/a><\/strong><\/span><\/p>\n<p>Cabe recordar que el pasado 21 de agosto, el ex t\u00e9cnico del\u00a0<em>Reba\u00f1o<\/em>, Jos\u00e9 Manuel de la Torre,\u00a0separ\u00f3 del equipo al mediocampista, decisi\u00f3n que respald\u00f3 su hermano N\u00e9stor como presidente.\u00a0<strong>\u00c1ngel Reyna<\/strong>\u00a0fue enviado a entrenar con la Tercera Divisi\u00f3n, pero el jugador nunca se present\u00f3 con la filial en San Rafael, resignado a buscar equipo en diciembre.<\/p>\n","protected":false},"excerpt":{"rendered":"<p>Por el momento se desconoce si se reintegrar\u00e1 al primer equipo<\/p>\n","protected":false},"author":20,"featured_media":317873,"comment_status":"open","ping_status":"open","sticky":false,"template":"","format":"standard","meta":[],"categories":[2198,3845,5950],"tags":[1659,70],"_links":{"self":[{"href":"http:\/\/desarrollo.grupomedios.com\/futbol\/wp-json\/wp\/v2\/posts\/317836"}],"collection":[{"href":"http:\/\/desarrollo.grupomedios.com\/futbol\/wp-json\/wp\/v2\/posts"}],"about":[{"href":"http:\/\/desarrollo.grupomedios.com\/futbol\/wp-json\/wp\/v2\/types\/post"}],"author":[{"embeddable":true,"href":"http:\/\/desarrollo.grupomedios.com\/futbol\/wp-json\/wp\/v2\/users\/20"}],"replies":[{"embeddable":true,"href":"http:\/\/desarrollo.grupomedios.com\/futbol\/wp-json\/wp\/v2\/comments?post=317836"}],"version-history":[{"count":0,"href":"http:\/\/desarrollo.grupomedios.com\/futbol\/wp-json\/wp\/v2\/posts\/317836\/revisions"}],"wp:featuredmedia":[{"embeddable":true,"href":"http:\/\/desarrollo.grupomedios.com\/futbol\/wp-json\/wp\/v2\/media\/317873"}],"wp:attachment":[{"href":"http:\/\/desarrollo.grupomedios.com\/futbol\/wp-json\/wp\/v2\/media?parent=317836"}],"wp:term":[{"taxonomy":"category","embeddable":true,"href":"http:\/\/desarrollo.grupomedios.com\/futbol\/wp-json\/wp\/v2\/categories?post=317836"},{"taxonomy":"post_tag","embeddable":true,"href":"http:\/\/desarrollo.grupomedios.com\/futbol\/wp-json\/wp\/v2\/tags?post=317836"}],"curies":[{"name":"wp","href":"https:\/\/api.w.org\/{rel}","templated":true}]}}