{"id":318237,"date":"2015-10-02T08:30:50","date_gmt":"2015-10-02T13:30:50","guid":{"rendered":"http:\/\/futboltotal.com.mx\/?p=318237"},"modified":"2015-10-01T03:26:17","modified_gmt":"2015-10-01T08:26:17","slug":"5-masacres-en-el-futbol","status":"publish","type":"post","link":"http:\/\/desarrollo.grupomedios.com\/futbol\/futbol-internacional\/5-masacres-en-el-futbol\/2015\/10","title":{"rendered":"5 episodios de masacres en el futbol"},"content":{"rendered":"<p>Un <strong>2 de octubre<\/strong> pero de <strong>1968<\/strong>, la Ciudad de M\u00e9xico se empa\u00f1\u00f3 de sangre tras una represi\u00f3n militar a un grupo de civiles en la plaza de las Tres Culturas de <strong>Tlatelolco<\/strong>. Las cifras de muertos y responsables por aquella masacre siguen sin esclarecerse, pero los ciudadanos, en especial las comunidades estudiantiles, que eran mayor\u00eda en aquella ocasi\u00f3n, no olvidan tal perpetraci\u00f3n.<\/p>\n<p>Independientemente de lo sucedido aquel<strong> 2 de octubre<\/strong>, en <strong>Futbol Total<\/strong> recordamos que el balompi\u00e9 no est\u00e1 eximido de las masacres, por eso dejamos 5 episodios de matanzas en el futbol.<\/p>\n<p><strong>1. Represi\u00f3n policial en River vs. San Lorenzo |<\/strong> En 1944, durante un encuentro entre el River Plate y el San Lorenzo en el estadio Monumental; una protesta a las afueras del inmueble fue reprimida por la fuerza policial, muy cerca de la Puerta 12, donde a\u00f1os despu\u00e9s habr\u00eda otra tragedia. En el episodio de 1944 hubo siete muertos y 12 heridos.<\/p>\n<p><strong>2. El fat\u00eddico episodio del Dynamo que venci\u00f3 a los Nazis |<\/strong> El 6 de agosto de 1942, la Fuerza A\u00e9rea Alemana perdi\u00f3 3-5 contra el Dynamo Kiev, por lo que los <em>teutones<\/em> pidieron revancha. El segundo partido ser\u00eda pitado por un agente alem\u00e1n, los ucranianos ganaban 2-1, y al medio tiempo, el refer\u00ed fue a advertirlos.<\/p>\n<p>El Dynamo hizo caso omiso a las amenazas e hicieron otros dos goles, al minuto 60, el \u00e1rbitro pit\u00f3 el final del encuentro y llevaron arrestada a toda la escuadra ucraniana a un campo de concentraci\u00f3n, donde fueron fusilados con sus camisetas puestas.<\/p>\n<p><strong>3. El estadio Nacional de Chile usado por Pinochet |<\/strong> El dictador chileno utilizaba el Estadio Nacional para realizar torturas a sus presos pol\u00edticos. El inmueble de Santiago fue usado como campo militar entre septiembre y noviembre de 1973, donde estuvieron recluidas alrededor de 200 mil personas.<\/p>\n<p><strong>4. Videla y el mundial de Argentina 1978 |<\/strong> Jorge Rafael Videla se encarg\u00f3 de convencer a la FIFA de hacer el Mundial de 1978 en Argentina y de permitir que los \u00e1rbitros hicieran su trabajo con favoritismo al conjunto local.<\/p>\n<p>Pero la manipulaci\u00f3n del Mundial no fue lo pero, sino que el dictador argentino utiliz\u00f3 el balompi\u00e9 como distractor, mientras el Estado continuaba comet\u00eda cr\u00edmenes de lesa humanidad, entre los que destacaban miles de torturados y secuestrados.<\/p>\n<p><strong>5. La balacera a los Avispones |<\/strong> En similar situaci\u00f3n a la masacre del 2 de octubre; el 26 de septiembre de 2014, durante un cruce de fuego, del que siguen sin hallar a\u00fan al culpable, el joven de los Avispones de Chilpancingo de Tercera Divisi\u00f3n, David Garc\u00eda, muri\u00f3 al recibir uno de los tiros.<\/p>\n","protected":false},"excerpt":{"rendered":"<p>A 47 a\u00f1os de la matanza de Tlatelolco, recordamos que el futbol tambi\u00e9n tuvo tragedias<\/p>\n","protected":false},"author":20,"featured_media":318252,"comment_status":"open","ping_status":"open","sticky":false,"template":"","format":"standard","meta":[],"categories":[5419,3839,5418],"tags":[3882,265],"_links":{"self":[{"href":"http:\/\/desarrollo.grupomedios.com\/futbol\/wp-json\/wp\/v2\/posts\/318237"}],"collection":[{"href":"http:\/\/desarrollo.grupomedios.com\/futbol\/wp-json\/wp\/v2\/posts"}],"about":[{"href":"http:\/\/desarrollo.grupomedios.com\/futbol\/wp-json\/wp\/v2\/types\/post"}],"author":[{"embeddable":true,"href":"http:\/\/desarrollo.grupomedios.com\/futbol\/wp-json\/wp\/v2\/users\/20"}],"replies":[{"embeddable":true,"href":"http:\/\/desarrollo.grupomedios.com\/futbol\/wp-json\/wp\/v2\/comments?post=318237"}],"version-history":[{"count":0,"href":"http:\/\/desarrollo.grupomedios.com\/futbol\/wp-json\/wp\/v2\/posts\/318237\/revisions"}],"wp:featuredmedia":[{"embeddable":true,"href":"http:\/\/desarrollo.grupomedios.com\/futbol\/wp-json\/wp\/v2\/media\/318252"}],"wp:attachment":[{"href":"http:\/\/desarrollo.grupomedios.com\/futbol\/wp-json\/wp\/v2\/media?parent=318237"}],"wp:term":[{"taxonomy":"category","embeddable":true,"href":"http:\/\/desarrollo.grupomedios.com\/futbol\/wp-json\/wp\/v2\/categories?post=318237"},{"taxonomy":"post_tag","embeddable":true,"href":"http:\/\/desarrollo.grupomedios.com\/futbol\/wp-json\/wp\/v2\/tags?post=318237"}],"curies":[{"name":"wp","href":"https:\/\/api.w.org\/{rel}","templated":true}]}}