{"id":318264,"date":"2015-10-01T10:12:01","date_gmt":"2015-10-01T15:12:01","guid":{"rendered":"http:\/\/futboltotal.com.mx\/?p=318264"},"modified":"2015-10-01T10:59:21","modified_gmt":"2015-10-01T15:59:21","slug":"osorio-cada-vez-mas-cerca-de-mexico","status":"publish","type":"post","link":"http:\/\/desarrollo.grupomedios.com\/futbol\/destacado-home\/osorio-cada-vez-mas-cerca-de-mexico\/2015\/10","title":{"rendered":"Osorio, cada vez m\u00e1s cerca del Tricolor"},"content":{"rendered":"<p>Despu\u00e9s de sellar con el <strong>Sao Paulo<\/strong> la clasificaci\u00f3n para las semifinales de la Copa de Brasil, el t\u00e9cnico colombiano <strong>Juan Carlos Osorio<\/strong> admiti\u00f3 que ya recibi\u00f3 una propuesta para dirigir fuera de territorio amaz\u00f3nico y la valorar\u00e1 en los pr\u00f3ximos d\u00edas.<\/p>\n<p>&#8220;Puedo hablar con mi familia todos los d\u00edas es normal. Es una propuesta profesional, tengo que pensar, discutir, hablar con la familia&#8221;, indic\u00f3 el estratega tras ser cuestionado sobre si dejar\u00e1 al Sao Paulo antes de que concluya el a\u00f1o para dirigir a nivel selecci\u00f3n.<\/p>\n<p style=\"text-align: center;\"><strong><span style=\"color: #3366ff;\"><a style=\"color: #3366ff;\" href=\"http:\/\/futboltotal.com.mx\/futbol-internacional\/\">LEER M\u00c1S: Todas las noticias de futbol internacional<\/a><\/span><\/strong><\/p>\n<p><strong>Osorio<\/strong> no quiso dar detalles sobre la oferta fue por parte de la <strong>Selecci\u00f3n de M\u00e9xico, tampoco <\/strong>sobre el rumbo que han tomado las negociaciones, presuntamente con la Femexfut, de hecho, se molest\u00f3 con la prensa local por haber priorizado el tema y no hacerlo con el desempe\u00f1o que tuvo el Sao Paulo, tras empatar 1-1 frente al Vasco de Gama en la Vuelta de Cuartos de Final y colocarse en la antesala por el t\u00edtulo copero.<\/p>\n<p>&#8220;Creo que hay cosas m\u00e1s importantes para hablar sobre el juego, a continuaci\u00f3n, voy a tomar una decisi\u00f3n y todo el mundo sabr\u00e1 &#8220;, agreg\u00f3 Osorio, quien este jueves entrenar\u00e1 de manera habitual con el equipo y el viernes tendr\u00e1 el \u00faltima pr\u00e1ctica antes de medirse al Atl\u00e9tico Paranaense en el campeonato dom\u00e9stico.<\/p>\n<p>En Brasil, la salida de Osorio del Sao Paulo cobra fuerza despu\u00e9s de que el diario <em>Globoesporte <\/em>revelara que el t\u00e9cnico ha tenido pl\u00e1cticas con los dirigentes de Femexfut para dirigir a la <strong>Selecci\u00f3n Mexicana<\/strong>. La prensa afirma que su salida se dar\u00e1 durante el mes de octubre, pues la intenci\u00f3n de los federativos es que asuma la riendas del <em>Tricolor<\/em> antes del mes de noviembre, cuando inician las eliminatorias rumbo a Rusia 2018.<\/p>\n<p>&nbsp;<\/p>\n<p>&nbsp;<\/p>\n","protected":false},"excerpt":{"rendered":"<p>El t\u00e9cnico colombiano admite que tiene una propuesta y la valorar\u00e1 en los pr\u00f3ximos d\u00edas<\/p>\n","protected":false},"author":20,"featured_media":318281,"comment_status":"open","ping_status":"open","sticky":false,"template":"","format":"standard","meta":[],"categories":[5,3839],"tags":[6219],"_links":{"self":[{"href":"http:\/\/desarrollo.grupomedios.com\/futbol\/wp-json\/wp\/v2\/posts\/318264"}],"collection":[{"href":"http:\/\/desarrollo.grupomedios.com\/futbol\/wp-json\/wp\/v2\/posts"}],"about":[{"href":"http:\/\/desarrollo.grupomedios.com\/futbol\/wp-json\/wp\/v2\/types\/post"}],"author":[{"embeddable":true,"href":"http:\/\/desarrollo.grupomedios.com\/futbol\/wp-json\/wp\/v2\/users\/20"}],"replies":[{"embeddable":true,"href":"http:\/\/desarrollo.grupomedios.com\/futbol\/wp-json\/wp\/v2\/comments?post=318264"}],"version-history":[{"count":0,"href":"http:\/\/desarrollo.grupomedios.com\/futbol\/wp-json\/wp\/v2\/posts\/318264\/revisions"}],"wp:featuredmedia":[{"embeddable":true,"href":"http:\/\/desarrollo.grupomedios.com\/futbol\/wp-json\/wp\/v2\/media\/318281"}],"wp:attachment":[{"href":"http:\/\/desarrollo.grupomedios.com\/futbol\/wp-json\/wp\/v2\/media?parent=318264"}],"wp:term":[{"taxonomy":"category","embeddable":true,"href":"http:\/\/desarrollo.grupomedios.com\/futbol\/wp-json\/wp\/v2\/categories?post=318264"},{"taxonomy":"post_tag","embeddable":true,"href":"http:\/\/desarrollo.grupomedios.com\/futbol\/wp-json\/wp\/v2\/tags?post=318264"}],"curies":[{"name":"wp","href":"https:\/\/api.w.org\/{rel}","templated":true}]}}