{"id":318303,"date":"2015-10-01T12:45:29","date_gmt":"2015-10-01T17:45:29","guid":{"rendered":"http:\/\/futboltotal.com.mx\/?p=318303"},"modified":"2015-10-01T12:47:43","modified_gmt":"2015-10-01T17:47:43","slug":"habra-sancion-por-bengalas-en-el-calderon","status":"publish","type":"post","link":"http:\/\/desarrollo.grupomedios.com\/futbol\/futbol-internacional\/habra-sancion-por-bengalas-en-el-calderon\/2015\/10","title":{"rendered":"Habr\u00e1 sanci\u00f3n por bengalas en el Calder\u00f3n"},"content":{"rendered":"<p>La presencia de bengalas en en el estadio <strong>Vicente Calder\u00f3n<\/strong>\u00a0durante<a href=\"http:\/\/Nico%20Gait\u00e1n hace volar al Benfica\">\u00a0encuentro de <strong>Champions League<\/strong> entre el <strong>Atl\u00e9tico de Madrid<\/strong> y el <strong>Benfica<\/strong><\/a>, fue calificada por Consejo Superior de Deportes (CSD) como un asunto <strong>\u201cextraordinariamente grave\u201d<\/strong>, por lo que aseguran, habr\u00e1 consecuencias para los responsables.<\/p>\n<p>&#8220;Lo que ocurri\u00f3 es algo extraordinariamente grave y tendr\u00e1 una respuesta a la altura del desaf\u00edo que supone. Vuelvo a transmitir a la afici\u00f3n espa\u00f1ola el compromiso inequ\u00edvoco de convertir los estadios en entornos seguros para que se pueda disfrutar en familia de los espect\u00e1culos&#8221;, se\u00f1al\u00f3 el presidente del Consejo, Miguel Cardenal.<\/p>\n<div id=\"attachment_318310\" style=\"width: 830px\" class=\"wp-caption aligncenter\"><a href=\"http:\/\/futboltotal.com.mx\/wp-content\/uploads\/2015\/10\/bengalas_vincente_calderon_atletico_benfica_champions_2.jpg\"><img aria-describedby=\"caption-attachment-318310\" decoding=\"async\" loading=\"lazy\" class=\"wp-image-318310 size-full\" src=\"http:\/\/futboltotal.com.mx\/wp-content\/uploads\/2015\/10\/bengalas_vincente_calderon_atletico_benfica_champions_2.jpg\" alt=\"bengalas_vincente_calderon_atletico_benfica_champions_2\" srcset=\"http:\/\/desarrollo.grupomedios.com\/futbol\/wp-content\/uploads\/2015\/10\/bengalas_vincente_calderon_atletico_benfica_champions_2.jpg 820w, http:\/\/desarrollo.grupomedios.com\/futbol\/wp-content\/uploads\/2015\/10\/bengalas_vincente_calderon_atletico_benfica_champions_2-300x110.jpg 300w\" sizes=\"(max-width: 820px) 100vw, 820px\" \/><\/a><p id=\"caption-attachment-318310\" class=\"wp-caption-text\">Habr\u00e1 sanci\u00f3n por bengalas en el Vicente Calder\u00f3n. (Fotos: AFP)<\/p><\/div>\n<p>Por su parte, las fuerzas de seguridad de <strong>Espa\u00f1a<\/strong>, apuntan que la detecci\u00f3n de las bengalas, que lograron filtrar los aficionados del <strong>Benfica<\/strong>, era algo complicado, ya que, al ser peque\u00f1as y finas, podr\u00edan ser indetectables, ya que podr\u00edan ser escondidas en cualquier parte del cuerpo.<\/p>\n<p>El precedente ya se encuentra en las oficinas de la <strong>Comisi\u00f3n Disciplinaria de la UEFA<\/strong>, por lo que se espera una resoluci\u00f3n, que derivar\u00eda en una sanci\u00f3n econ\u00f3mica para el conjunto portugu\u00e9s y para el <strong>Atl\u00e9tico de Madrid<\/strong>, adem\u00e1s de un posible veto del estadio <strong>Vicente Calder\u00f3n<\/strong> en el torneo internacional, situaci\u00f3n que ya contemplan los colchoneros, por lo que estar\u00edan trabajando en la apelaci\u00f3n ante la posible decisi\u00f3n.<\/p>\n","protected":false},"excerpt":{"rendered":"<p>El estadio del Atl\u00e9tico de Madrid podr\u00eda ser vetado<\/p>\n","protected":false},"author":20,"featured_media":318309,"comment_status":"open","ping_status":"open","sticky":false,"template":"","format":"standard","meta":[],"categories":[5398,3839],"tags":[6007,6060,97],"_links":{"self":[{"href":"http:\/\/desarrollo.grupomedios.com\/futbol\/wp-json\/wp\/v2\/posts\/318303"}],"collection":[{"href":"http:\/\/desarrollo.grupomedios.com\/futbol\/wp-json\/wp\/v2\/posts"}],"about":[{"href":"http:\/\/desarrollo.grupomedios.com\/futbol\/wp-json\/wp\/v2\/types\/post"}],"author":[{"embeddable":true,"href":"http:\/\/desarrollo.grupomedios.com\/futbol\/wp-json\/wp\/v2\/users\/20"}],"replies":[{"embeddable":true,"href":"http:\/\/desarrollo.grupomedios.com\/futbol\/wp-json\/wp\/v2\/comments?post=318303"}],"version-history":[{"count":0,"href":"http:\/\/desarrollo.grupomedios.com\/futbol\/wp-json\/wp\/v2\/posts\/318303\/revisions"}],"wp:featuredmedia":[{"embeddable":true,"href":"http:\/\/desarrollo.grupomedios.com\/futbol\/wp-json\/wp\/v2\/media\/318309"}],"wp:attachment":[{"href":"http:\/\/desarrollo.grupomedios.com\/futbol\/wp-json\/wp\/v2\/media?parent=318303"}],"wp:term":[{"taxonomy":"category","embeddable":true,"href":"http:\/\/desarrollo.grupomedios.com\/futbol\/wp-json\/wp\/v2\/categories?post=318303"},{"taxonomy":"post_tag","embeddable":true,"href":"http:\/\/desarrollo.grupomedios.com\/futbol\/wp-json\/wp\/v2\/tags?post=318303"}],"curies":[{"name":"wp","href":"https:\/\/api.w.org\/{rel}","templated":true}]}}