{"id":318328,"date":"2015-10-01T15:04:43","date_gmt":"2015-10-01T20:04:43","guid":{"rendered":"http:\/\/futboltotal.com.mx\/?p=318328"},"modified":"2015-10-01T15:05:00","modified_gmt":"2015-10-01T20:05:00","slug":"profe-cruz-al-rescate-de-cruz-azul","status":"publish","type":"post","link":"http:\/\/desarrollo.grupomedios.com\/futbol\/destacado-home\/profe-cruz-al-rescate-de-cruz-azul\/2015\/10","title":{"rendered":"\u00bfProfe Cruz, al rescate de Cruz Azul?"},"content":{"rendered":"<p><strong>Cruz Azul<\/strong> tiene pendiente definir qui\u00e9n ser\u00e1 su nuevo director t\u00e9cnico. Y en la lista de posibles candidatos donde\u00a0figuran los <a href=\"http:\/\/futboltotal.com.mx\/2015\/09\/proximo-dt-de-cruz-azul-lapuente-o-boy\/\">nombres de <strong>Tomas Boy<\/strong>,<strong> Manuel Lapuente<\/strong><\/a> y el <a href=\"http:\/\/futboltotal.com.mx\/2015\/10\/claudio-borghi-otra-opcion-para-cruz-azul\/\">argentino<strong>\u00a0Claudio Borghi<\/strong><\/a>, irrumpe el nombre de <strong>Jos\u00e9 Guadalupe Cruz<\/strong>.<\/p>\n<p>En torno al posible arribo del\u00a0<em>Profe<\/em> <strong>Cruz<\/strong>, cuyo \u00faltimo equipo dirigido en\u00a0la Liga MX\u00a0fue el\u00a0<strong>Puebla<\/strong>,\u00a0al que dej\u00f3 al termino del Clausura 2015, certamen donde hizo campe\u00f3n de la <strong>Copa MX<\/strong>, a la entidad <em>cementera<\/em>, se apunta que es del agrado de\u00a0Guillermo \u00c1lvarez Cuevas, presidente de <strong>Cruz Azul<\/strong>, por su trabajo serio y por su buena imagen.<\/p>\n<p style=\"text-align: center;\"><strong><span style=\"color: #3366ff;\"><a style=\"color: #3366ff;\" href=\"http:\/\/futboltotal.com.mx\/2015\/09\/sergio-bueno-cuarto-dt-mas-irregular-en-cruz-azul\/\">LEER M\u00c1S: Sergio Bueno, cuarto DT m\u00e1s irregular en Cruz Azul<\/a><\/span><\/strong><\/p>\n<p>Hace un par de d\u00edas,\u00a0la directiva de<strong> Cruz Azul <\/strong>design\u00f3 a <strong>Joaqu\u00edn Moreno<\/strong> como t\u00e9cnico interino, despu\u00e9s del cese de\u00a0Sergio Bueno de la direcci\u00f3n t\u00e9cnica de la <em>M\u00e1quina<\/em>\u00a0por falta de resultados.<\/p>\n<p>Y aunque se\u00a0presume que el anuncio del nuevo t\u00e9cnico de la <em>M\u00e1quina<\/em>\u00a0podr\u00eda darse\u00a0en los pr\u00f3ximos d\u00edas,\u00a0fuentes cercanas al equipo\u00a0<i>cementerio<\/i>\u00a0apuntan que la directiva no descarta mantener a <strong>Joaqu\u00edn Moreno<\/strong> hasta el final del torneo.<\/p>\n<p>Sobre esta opci\u00f3n, se agrega que la continuidad del <strong>Joaqu\u00edn Moreno<\/strong>\u00a0obedecer\u00eda\u00a0que los propios dirigentes de <strong>Cruz Azul<\/strong> consideran que la\u00a0liguilla\u00a0luce inalcanzable, por lo que nombrar\u00edan al nuevo t\u00e9cnico previo al arranque del pr\u00f3ximo torneo.<\/p>\n<p><span style=\"color: #ff0000;\"><strong>VIDEO:<\/strong> Agenda de TV\u00a0|\u00a0Jornada 12\u00a0del Apertura 2015 de la\u00a0Liga MX<\/span><\/p>\n<p>[video_player]https:\/\/player.vimeo.com\/external\/141074368.hd.mp4?s=621070c663a8bba3d017460d429d27fc&amp;profile_id=113[\/video_player]<\/p>\n","protected":false},"excerpt":{"rendered":"<p>Se ensancha la lista de posible nuevo DT de la M\u00e1quina<\/p>\n","protected":false},"author":20,"featured_media":318349,"comment_status":"open","ping_status":"open","sticky":false,"template":"","format":"standard","meta":[],"categories":[5,2198,3845],"tags":[5962,77,2725],"_links":{"self":[{"href":"http:\/\/desarrollo.grupomedios.com\/futbol\/wp-json\/wp\/v2\/posts\/318328"}],"collection":[{"href":"http:\/\/desarrollo.grupomedios.com\/futbol\/wp-json\/wp\/v2\/posts"}],"about":[{"href":"http:\/\/desarrollo.grupomedios.com\/futbol\/wp-json\/wp\/v2\/types\/post"}],"author":[{"embeddable":true,"href":"http:\/\/desarrollo.grupomedios.com\/futbol\/wp-json\/wp\/v2\/users\/20"}],"replies":[{"embeddable":true,"href":"http:\/\/desarrollo.grupomedios.com\/futbol\/wp-json\/wp\/v2\/comments?post=318328"}],"version-history":[{"count":0,"href":"http:\/\/desarrollo.grupomedios.com\/futbol\/wp-json\/wp\/v2\/posts\/318328\/revisions"}],"wp:featuredmedia":[{"embeddable":true,"href":"http:\/\/desarrollo.grupomedios.com\/futbol\/wp-json\/wp\/v2\/media\/318349"}],"wp:attachment":[{"href":"http:\/\/desarrollo.grupomedios.com\/futbol\/wp-json\/wp\/v2\/media?parent=318328"}],"wp:term":[{"taxonomy":"category","embeddable":true,"href":"http:\/\/desarrollo.grupomedios.com\/futbol\/wp-json\/wp\/v2\/categories?post=318328"},{"taxonomy":"post_tag","embeddable":true,"href":"http:\/\/desarrollo.grupomedios.com\/futbol\/wp-json\/wp\/v2\/tags?post=318328"}],"curies":[{"name":"wp","href":"https:\/\/api.w.org\/{rel}","templated":true}]}}