{"id":318454,"date":"2015-10-01T20:22:07","date_gmt":"2015-10-02T01:22:07","guid":{"rendered":"http:\/\/futboltotal.com.mx\/?p=318454"},"modified":"2015-10-05T08:43:13","modified_gmt":"2015-10-05T13:43:13","slug":"convocados-para-el-mexico-vs-estados-unidos","status":"publish","type":"post","link":"http:\/\/desarrollo.grupomedios.com\/futbol\/destacado-home\/convocados-para-el-mexico-vs-estados-unidos\/2015\/10","title":{"rendered":"Convocados de M\u00e9xico para enfrentar a EU"},"content":{"rendered":"<p>La espera termin\u00f3. Se revel\u00f3 la<strong> lista de<\/strong> <strong>25 convocados<\/strong>\u00a0por <strong>Ricardo Ferretti<\/strong> para el partido m\u00e1s importante de su interinato en la <a href=\"http:\/\/futboltotal.com.mx\/futbol-mexicano\/seleccion-mexicana\/\" target=\"_blank\"><strong>Selecci\u00f3n Mexicana<\/strong><\/a>: contra\u00a0<strong>Estados Unidos<\/strong>, por el boleto a la Copa Confederaciones 2017.<\/p>\n<p>Y en el listado destaca la ausencia del portero Guillermo Ochoa,\u00a0el llamado a <strong>Rafael M\u00e1rquez<\/strong> y <strong>Andr\u00e9s Guardado<\/strong>, que superaron sus problemas f\u00edsicos, as\u00ed como los\u00a0regresos de los hermanos Dos Santos.<\/p>\n<p>Este grupo se jugar\u00e1 el pase a la Copa Confederaciones el pr\u00f3ximo 10 de octubre,\u00a0en California. En tanto, tres d\u00edas\u00a0despu\u00e9s se medir\u00e1 con Panam\u00e1,\u00a0en un juego amistoso que significar\u00e1 la despedida del <em>Tuca<\/em><strong> Ferretti<\/strong>.<\/p>\n<p>A la ausencia del portero del M\u00e1laga se le une Jes\u00fas Corona, pues el estratega nacional le dio la confianza a Mois\u00e9s Mu\u00f1oz, Alfredo Talavera y Jonathan Orozco. Adem\u00e1s, cabe apuntar que trascendi\u00f3 sobre la ausencia de\u00a0<strong>Carlos Vela<\/strong>, versi\u00f3n\u00a0que no se confirm\u00f3.<\/p>\n<p>La lista de convocados de <strong>M\u00e9xico<\/strong>:<\/p>\n<p><span style=\"color: #ff0000;\">Porteros<\/span>: Mois\u00e9s Mu\u00f1oz (Am\u00e9rica), Alfredo Talavera (Toluca) y Jonathan Orozco (Monterrey).<\/p>\n<p><span style=\"color: #ff0000;\">Defensas<\/span>: Rafael M\u00e1rquez (Hellas Verona), Diego Reyes (Real Sociedad), Miguel Herrera (Pachuca), H\u00e9ctor Moreno (PSV), Jos\u00e9 Rivas (Tigres), Paul Aguilar (Am\u00e9rica), Israel Jim\u00e9nez (Tigres), Miguel Lay\u00fan (Porto) y Jorge Torres Nilo (Tigres).<\/p>\n<p><span style=\"color: #ff0000;\">Medios<\/span>: Jos\u00e9 Juan V\u00e1zquez (Le\u00f3n), Jonathan dos Santos (Villarreal), H\u00e9ctor Herrera (Porto), Carlos Esquivel (Toluca), Andr\u00e9s Guardado (PSV), Javier Aquino (Tigres) y Carlos Pe\u00f1a (Le\u00f3n).<\/p>\n<p><span style=\"color: #ff0000;\">Delanteros<\/span>: Jes\u00fas Corona (Porto), Javier Hern\u00e1ndez (Bayer Leverkusen), Carlos Vela (Real Sociedad), Oribe Peralta (Am\u00e9rica), Ra\u00fal Jim\u00e9nez (Benfica) y Giovani dos Santos (Galaxy).<\/p>\n","protected":false},"excerpt":{"rendered":"<p>Tuca Ferretti s\u00ed contempl\u00f3 a Rafa M\u00e1rquez y Andr\u00e9s Guardado <\/p>\n","protected":false},"author":20,"featured_media":318455,"comment_status":"open","ping_status":"open","sticky":false,"template":"","format":"standard","meta":[],"categories":[5,2198,3847],"tags":[632,1580,310,5979],"_links":{"self":[{"href":"http:\/\/desarrollo.grupomedios.com\/futbol\/wp-json\/wp\/v2\/posts\/318454"}],"collection":[{"href":"http:\/\/desarrollo.grupomedios.com\/futbol\/wp-json\/wp\/v2\/posts"}],"about":[{"href":"http:\/\/desarrollo.grupomedios.com\/futbol\/wp-json\/wp\/v2\/types\/post"}],"author":[{"embeddable":true,"href":"http:\/\/desarrollo.grupomedios.com\/futbol\/wp-json\/wp\/v2\/users\/20"}],"replies":[{"embeddable":true,"href":"http:\/\/desarrollo.grupomedios.com\/futbol\/wp-json\/wp\/v2\/comments?post=318454"}],"version-history":[{"count":0,"href":"http:\/\/desarrollo.grupomedios.com\/futbol\/wp-json\/wp\/v2\/posts\/318454\/revisions"}],"wp:featuredmedia":[{"embeddable":true,"href":"http:\/\/desarrollo.grupomedios.com\/futbol\/wp-json\/wp\/v2\/media\/318455"}],"wp:attachment":[{"href":"http:\/\/desarrollo.grupomedios.com\/futbol\/wp-json\/wp\/v2\/media?parent=318454"}],"wp:term":[{"taxonomy":"category","embeddable":true,"href":"http:\/\/desarrollo.grupomedios.com\/futbol\/wp-json\/wp\/v2\/categories?post=318454"},{"taxonomy":"post_tag","embeddable":true,"href":"http:\/\/desarrollo.grupomedios.com\/futbol\/wp-json\/wp\/v2\/tags?post=318454"}],"curies":[{"name":"wp","href":"https:\/\/api.w.org\/{rel}","templated":true}]}}