{"id":318502,"date":"2015-10-02T09:30:41","date_gmt":"2015-10-02T14:30:41","guid":{"rendered":"http:\/\/futboltotal.com.mx\/?p=318502"},"modified":"2015-10-02T14:29:57","modified_gmt":"2015-10-02T19:29:57","slug":"donde-estan-los-campeones-del-mundo","status":"publish","type":"post","link":"http:\/\/desarrollo.grupomedios.com\/futbol\/destacado-home\/donde-estan-los-campeones-del-mundo\/2015\/10","title":{"rendered":"\u00bfD\u00f3nde est\u00e1n los campeones del Mundo?"},"content":{"rendered":"<p><strong>A 10 a\u00f1os de que M\u00e9xico logr\u00f3 su primer t\u00edtulo Mundial en la categor\u00eda Sub-17<\/strong>, algunos de sus integrantes son jugadores de primer nivel, incluso militan en el <strong>futbol de Europa<\/strong>, unos m\u00e1s se aferran a seguir luchando por un lugar dentro del futbol. Otros tantos, desaparecieron del mapa.<\/p>\n<p><strong>\u00bfD\u00f3nde est\u00e1n los campeones del Mundo?<\/strong><\/p>\n<p><a href=\"http:\/\/futboltotal.com.mx\/wp-content\/uploads\/2015\/10\/info_sub17.jpg\"><img decoding=\"async\" loading=\"lazy\" class=\"alignnone size-full wp-image-318550\" src=\"http:\/\/futboltotal.com.mx\/wp-content\/uploads\/2015\/10\/info_sub17.jpg\" alt=\"info_sub17\" srcset=\"http:\/\/desarrollo.grupomedios.com\/futbol\/wp-content\/uploads\/2015\/10\/info_sub17.jpg 1695w, http:\/\/desarrollo.grupomedios.com\/futbol\/wp-content\/uploads\/2015\/10\/info_sub17-99x300.jpg 99w, http:\/\/desarrollo.grupomedios.com\/futbol\/wp-content\/uploads\/2015\/10\/info_sub17-337x1024.jpg 337w\" sizes=\"(max-width: 1695px) 100vw, 1695px\" \/><\/a><\/p>\n<p><span style=\"color: #ff0000;\"><b>PORTEROS<\/b><\/span><\/p>\n<p><b>1 Sergio Arias <\/b>| El arquero mostr\u00f3 su capacidad de liderazgo desde el fondo, al igual que sus excelentes reflejos y condiciones bajo los tres palos. Fue un portero sobrio, con buena salida por arriba y abajo. Actualmente milita en el Ascenso MX, con Lobos BUAP.<\/p>\n<p><b>12 Alejandro Gallardo <\/b>| Debido al buen momento de Sergio Arias, el sonorense vivi\u00f3 todo el proceso desde el banco de suplentes. En la actualidad es jugador del Necaxa, en la divisi\u00f3n de ascenso.<\/p>\n<p><b>19 Cristian Flores<\/b> | Contaba\u00a0con gran capacidad y madurez,\u00a0aunque en Per\u00fa vivi\u00f3 a la sombra de Arias. RETIRADO.<\/p>\n<div id=\"attachment_318503\" style=\"width: 830px\" class=\"wp-caption aligncenter\"><a href=\"http:\/\/futboltotal.com.mx\/wp-content\/uploads\/2015\/10\/sergio_arias_sub_17.jpg\"><img aria-describedby=\"caption-attachment-318503\" decoding=\"async\" loading=\"lazy\" class=\"wp-image-318503 size-full\" src=\"http:\/\/futboltotal.com.mx\/wp-content\/uploads\/2015\/10\/sergio_arias_sub_17.jpg\" alt=\"sergio_arias_sub_17\" srcset=\"http:\/\/desarrollo.grupomedios.com\/futbol\/wp-content\/uploads\/2015\/10\/sergio_arias_sub_17.jpg 820w, http:\/\/desarrollo.grupomedios.com\/futbol\/wp-content\/uploads\/2015\/10\/sergio_arias_sub_17-300x110.jpg 300w\" sizes=\"(max-width: 820px) 100vw, 820px\" \/><\/a><p id=\"caption-attachment-318503\" class=\"wp-caption-text\">Sergio Arias, portero de Lobos BUAP.<\/p><\/div>\n<p><span style=\"color: #ff0000;\"><strong>DEFENSAS<\/strong><\/span><\/p>\n<p><b>2 Patricio Araujo<\/b> | Su potencia mental y f\u00edsica, aunada a sus cualidades futbol\u00edsticas, lo convirtieron en el capit\u00e1n del equipo. A pesar de su fuerza, fue un jugador limpio y de gran clase. En varias ocasiones el ataque naci\u00f3 en sus pies. Actualmente es jugador del Puebla, en la Liga MX.<\/p>\n<p><b>3 Efra\u00edn Ju\u00e1rez<\/b> | Fue impecable al momento de marcar y recuperar balones, su aporte en el esquema no s\u00f3lo fue defensivo, ya que se incorporaba al ataque con frecuencia. Ante Costa Rica anot\u00f3 el gol que dio vida a M\u00e9xico. En la actualidad juega para el\u00a0Monterrey, en la Primera\u00a0Divisi\u00f3n de M\u00e9xico.<\/p>\n<p><b>4 Christian S\u00e1nchez<\/b> | Fuerza, garra y entrega definieron\u00a0al potente central. En el uno a uno era virtualmente imposible superarlo, jam\u00e1s dio un bal\u00f3n por perdido. Su mayor virtud fue\u00a0el juego a\u00e9reo, tanto en defensa como en ataque. En el presente Apertura 2015, juegan para los <em>Alebrijes<\/em> de Oaxaca, en el Ascenso MX.<\/p>\n<p><b>5 H\u00e9ctor Moreno<\/b> | A pesar de no haber participado en el pre Mundial, su velocidad y solvencia lo convirtieron en fundamental en el esquema de Jes\u00fas Ram\u00edrez. Curiosamente,\u00a0de ni\u00f1o no mostraba inter\u00e9s alguno por jugar futbol.\u00a0Actualmente participa en la liga de Holanda, donde es titular del\u00a0PSV Eindhoven.<\/p>\n<p><b>6 Omar Esparza<\/b> | Result\u00f3 un lateral modelo: veloz, h\u00e1bil, descarado y buen marcador. Fue de los pocos indiscutibles a lo largo de todo el proceso. Coron\u00f3 su actuaci\u00f3n con el golazo frente a Brasil, en la Gran Final. Es jugador de\u00a0los <em>Tuzos<\/em> del\u00a0Pachuca, en el m\u00e1ximo circuito del balompi\u00e9 <em>azteca<\/em>.<\/p>\n<p><b>14 Heriberto Beltr\u00e1n<\/b> | En principio, se perfilaba como titular, finalmente s\u00f3lo particip\u00f3 29 minutos en el Mundial de Per\u00fa. Actualmente se encuentra\u00a0sin equipo.<\/p>\n<p><b>17 Pedro Valverde<\/b> | Pod\u00eda\u00a0jugar como defensa o delantero. En el Mundial de Per\u00fa 2005, ingres\u00f3 en cuatro ocasiones para reforzar la defensa. RETIRADO.<\/p>\n<div id=\"attachment_318507\" style=\"width: 830px\" class=\"wp-caption aligncenter\"><a href=\"http:\/\/futboltotal.com.mx\/wp-content\/uploads\/2015\/10\/efrain_juarez_sub_17_peru_2015.jpg\"><img aria-describedby=\"caption-attachment-318507\" decoding=\"async\" loading=\"lazy\" class=\"wp-image-318507 size-full\" src=\"http:\/\/futboltotal.com.mx\/wp-content\/uploads\/2015\/10\/efrain_juarez_sub_17_peru_2015.jpg\" alt=\"efrain_juarez_sub_17_peru_2015\" srcset=\"http:\/\/desarrollo.grupomedios.com\/futbol\/wp-content\/uploads\/2015\/10\/efrain_juarez_sub_17_peru_2015.jpg 820w, http:\/\/desarrollo.grupomedios.com\/futbol\/wp-content\/uploads\/2015\/10\/efrain_juarez_sub_17_peru_2015-300x110.jpg 300w\" sizes=\"(max-width: 820px) 100vw, 820px\" \/><\/a><p id=\"caption-attachment-318507\" class=\"wp-caption-text\">Efra\u00edn Ju\u00e1rez, jugador de Rayados de Monterrey.<\/p><\/div>\n<p><span style=\"color: #ff0000;\"><strong>MEDIOS<\/strong><\/span><\/p>\n<p><b>7 Jorge Hern\u00e1ndez<\/b> | Brind\u00f3 equilibrio a la mitad de la cancha, incansable recuperador de balones, con buen toque, salida y visi\u00f3n e campo. Su trabajo fue fundamental, por eso fue un referente del equipo mexicano. Actualmente juega en Ascenso MX,\u00a0con los\u00a0Leones Negros.<\/p>\n<p><b>11 Mario Gallegos<\/b> | El joven contaba\u00a0con una t\u00e9cnica individual privilegiada, desde la mitad de campo su toque y trazos marcaban la diferencia. RETIRADO.<\/p>\n<p><b>13 Edgar Andrade<\/b> | Su pericia y t\u00e9cnica al manejar el bal\u00f3n le valieron ingresar al terreno de juego en cinco ocasiones durante el Mundial de Per\u00fa. El mediocampista es elemento de\u00a0los <em>Tiburones Rojos<\/em> del\u00a0Veracruz, en la\u00a0Liga MX.<\/p>\n<p><b>15 Juan Carlos Silva<\/b> | Su mayor virtud era la solvencia al pasar el bal\u00f3n, resultaba\u00a0complicado verlo fallar un env\u00edo. Jug\u00f3 92 minutos en\u00a0la justa mundialista. En la actualidad juega en la Liga de Guatemala, con el\u00a0Deportivo Malacateco.<\/p>\n<p><b>16 Adri\u00e1n Aldrete<\/b> | Por la banda izquierda siempre fue un peligro, fue r\u00e1pido f\u00edsica y mentalmente, y contaba con una excelente t\u00e9cnica individual. De vocaci\u00f3n netamente ofensiva, cumpli\u00f3 de buena forma con la ida y vuelta del medio sector. Ahora juega en la Primera Divisi\u00f3n de M\u00e9xico, con Santos Laguna.<\/p>\n<p><b>18 C\u00e9sar Villaluz<\/b> | Picard\u00eda y descaro en su m\u00e1ximo expresi\u00f3n. El joven mediocampista se destac\u00f3\u00a0con buen disparo de media distancia y no tem\u00eda encarar y gambetear al rival. Frente a Holanda fue figura al anotar dos veces. En el presente\u00a0juega para el\u00a0Atl\u00e9tico San Luis, del\u00a0Ascenso MX.<\/p>\n<div id=\"attachment_318508\" style=\"width: 830px\" class=\"wp-caption aligncenter\"><a href=\"http:\/\/futboltotal.com.mx\/wp-content\/uploads\/2015\/10\/cesar_villaluz_sub_17_peru.jpg\"><img aria-describedby=\"caption-attachment-318508\" decoding=\"async\" loading=\"lazy\" class=\"size-full wp-image-318508\" src=\"http:\/\/futboltotal.com.mx\/wp-content\/uploads\/2015\/10\/cesar_villaluz_sub_17_peru.jpg\" alt=\"C\u00e9sar Villaluz, jugador del Atl\u00e9tico San Luis.\" srcset=\"http:\/\/desarrollo.grupomedios.com\/futbol\/wp-content\/uploads\/2015\/10\/cesar_villaluz_sub_17_peru.jpg 820w, http:\/\/desarrollo.grupomedios.com\/futbol\/wp-content\/uploads\/2015\/10\/cesar_villaluz_sub_17_peru-300x110.jpg 300w\" sizes=\"(max-width: 820px) 100vw, 820px\" \/><\/a><p id=\"caption-attachment-318508\" class=\"wp-caption-text\">C\u00e9sar Villaluz, jugador del Atl\u00e9tico San Luis.<\/p><\/div>\n<p><strong><span style=\"color: #ff0000;\">DELANTEROS<\/span><\/strong><\/p>\n<p><b>9<\/b> <b>Carlos Vela<\/b> | Explot\u00f3 al m\u00e1ximo su capacidad goleadora, el zurdo no s\u00f3lo fue un hombre de \u00e1rea, fuera de \u00e9sta retuvo\u00a0bien el esf\u00e9rico y sol\u00eda\u00a0darle buena direcci\u00f3n. Su contundencia lo distingui\u00f3. El <em>Bombardero<\/em>\u00a0participa en la Liga de Espa\u00f1a, con la Real Sociedad.<\/p>\n<p><b>8 Giovani dos Santos <\/b>| Calidad, talento y magia pura. El joven, en aquel\u00a0momento\u00a0perteneciente a la cantera del Barcelona,\u00a0deslumbr\u00f3 al mundo con su capacidad. A\u00a0pesar de no haberse hecho presente en le marcador, se erigi\u00f3 Bal\u00f3n de Plata. En la actualidad juega en la MLS,\u00a0con el Galaxy.<\/p>\n<p><b>10 Ever Guzm\u00e1n<\/b> | Fue el relevo de lujo para <em>Chucho<\/em> Ram\u00edrez en cinco ocasiones. Anot\u00f3 tres veces y cuando jug\u00f3 de titular tambi\u00e9n marc\u00f3. Por ahora es jugador del\u00a0Correcaminos, del\u00a0Ascenso MX.<\/p>\n<p><b>20 Enrique Esqueda<\/b> | Es un atacante que no dudaba en ayudar en la recuperaci\u00f3n, el remate de cabeza fue\u00a0su mayor cualidad. Actualmente es jugador de los Tigres de la UANL, en la Liga MX.<\/p>\n<div id=\"attachment_318509\" style=\"width: 830px\" class=\"wp-caption aligncenter\"><a href=\"http:\/\/futboltotal.com.mx\/wp-content\/uploads\/2015\/10\/enrique_esqueda_sub_17_peru_2015.jpg\"><img aria-describedby=\"caption-attachment-318509\" decoding=\"async\" loading=\"lazy\" class=\"size-full wp-image-318509\" src=\"http:\/\/futboltotal.com.mx\/wp-content\/uploads\/2015\/10\/enrique_esqueda_sub_17_peru_2015.jpg\" alt=\"Enrique Esqueda, jugador de los Tigres. (Fotos: Imago7)\" srcset=\"http:\/\/desarrollo.grupomedios.com\/futbol\/wp-content\/uploads\/2015\/10\/enrique_esqueda_sub_17_peru_2015.jpg 820w, http:\/\/desarrollo.grupomedios.com\/futbol\/wp-content\/uploads\/2015\/10\/enrique_esqueda_sub_17_peru_2015-300x110.jpg 300w\" sizes=\"(max-width: 820px) 100vw, 820px\" \/><\/a><p id=\"caption-attachment-318509\" class=\"wp-caption-text\">Enrique Esqueda, jugador de los Tigres. (Fotos: Imago7)<\/p><\/div>\n<p style=\"text-align: left;\"><span style=\"color: #ff0000;\"><strong>VIDEO<\/strong>:\u00a0#HistoriaFT | A 10 a\u00f1os del Mundial Sub-17\u00a0<\/span><\/p>\n<p>[video_player]https:\/\/player.vimeo.com\/external\/141209322.sd.mp4?s=b93a3da73466f852bcedf538fd780f1c&amp;profile_id=112[\/video_player]<\/p>\n","protected":false},"excerpt":{"rendered":"<p>Algunos son jugadores de primer nivel, otros desaparecieron del mapa<\/p>\n","protected":false},"author":20,"featured_media":318506,"comment_status":"open","ping_status":"open","sticky":false,"template":"","format":"standard","meta":[],"categories":[5,2198,3847],"tags":[65,1146,143],"_links":{"self":[{"href":"http:\/\/desarrollo.grupomedios.com\/futbol\/wp-json\/wp\/v2\/posts\/318502"}],"collection":[{"href":"http:\/\/desarrollo.grupomedios.com\/futbol\/wp-json\/wp\/v2\/posts"}],"about":[{"href":"http:\/\/desarrollo.grupomedios.com\/futbol\/wp-json\/wp\/v2\/types\/post"}],"author":[{"embeddable":true,"href":"http:\/\/desarrollo.grupomedios.com\/futbol\/wp-json\/wp\/v2\/users\/20"}],"replies":[{"embeddable":true,"href":"http:\/\/desarrollo.grupomedios.com\/futbol\/wp-json\/wp\/v2\/comments?post=318502"}],"version-history":[{"count":0,"href":"http:\/\/desarrollo.grupomedios.com\/futbol\/wp-json\/wp\/v2\/posts\/318502\/revisions"}],"wp:featuredmedia":[{"embeddable":true,"href":"http:\/\/desarrollo.grupomedios.com\/futbol\/wp-json\/wp\/v2\/media\/318506"}],"wp:attachment":[{"href":"http:\/\/desarrollo.grupomedios.com\/futbol\/wp-json\/wp\/v2\/media?parent=318502"}],"wp:term":[{"taxonomy":"category","embeddable":true,"href":"http:\/\/desarrollo.grupomedios.com\/futbol\/wp-json\/wp\/v2\/categories?post=318502"},{"taxonomy":"post_tag","embeddable":true,"href":"http:\/\/desarrollo.grupomedios.com\/futbol\/wp-json\/wp\/v2\/tags?post=318502"}],"curies":[{"name":"wp","href":"https:\/\/api.w.org\/{rel}","templated":true}]}}