{"id":318511,"date":"2015-10-02T02:29:33","date_gmt":"2015-10-02T07:29:33","guid":{"rendered":"http:\/\/futboltotal.com.mx\/?p=318511"},"modified":"2015-10-02T14:33:53","modified_gmt":"2015-10-02T19:33:53","slug":"a-10-anos-del-primer-campeonato-mundial-de-mexico","status":"publish","type":"post","link":"http:\/\/desarrollo.grupomedios.com\/futbol\/destacado-home\/a-10-anos-del-primer-campeonato-mundial-de-mexico\/2015\/10","title":{"rendered":"A 10 a\u00f1os del primer campeonato mundial de M\u00e9xico"},"content":{"rendered":"<p style=\"text-align: left;\"><span style=\"color: #ff0000;\"><strong>VIDEO<\/strong>:\u00a0#HistoriaFT | A 10 a\u00f1os del Mundial Sub-17\u00a0<\/span><\/p>\n<p>[video_player]https:\/\/player.vimeo.com\/external\/141209322.sd.mp4?s=b93a3da73466f852bcedf538fd780f1c&amp;profile_id=112[\/video_player]<\/p>\n<p>Domingo 2 de octubre de 2005: <strong>M\u00e9xico<\/strong> se paraliz\u00f3 para disfrutar <strong>por primera vez un campeonato mundial de futbol<\/strong>. El <em>Tri<\/em> Sub-17 se despoj\u00f3 de un anecdotario tan lleno de cap\u00edtulos amargos al emocionar a su t\u00e9cnico, a\u00a0un\u00a0pa\u00eds entero y a ellos mismos.<\/p>\n<p>Los despidi\u00f3 un aeropuerto fr\u00edo y vac\u00edo, s\u00f3lo estaban sus familiares, ellos, los que los amaron y creyeron en su capacidad desde siempre. Eran los \u00faltimos d\u00edas del verano 2005. Pocos o nadie cre\u00eda, algunos incluso se burlaban de sus sue\u00f1os, a pesar de que el futbol se ha construido a partir de la inocencia y de la imaginaci\u00f3n.\u00a0As\u00ed dec\u00eda hasta luego la <strong>selecci\u00f3n de M\u00e9xico\u00a0Sub-17<\/strong>, con miras a la mayor aventura de sus vidas.<\/p>\n<p>Con las maletas repletas de ilusi\u00f3n y calidad futbol\u00edstica, un grupo de talentosos\u00a0ni\u00f1os mexicanos enfrentar\u00edan a los mejores del mundo en su categor\u00eda, con la determinaci\u00f3n de representar a su Patria, con\u00a0la ambici\u00f3n de trascender.<\/p>\n<p style=\"text-align: center;\"><span style=\"color: #3366ff;\"><strong>LEER M\u00c1S:\u00a0<a style=\"color: #3366ff;\" href=\"http:\/\/futboltotal.com.mx\/2015\/10\/donde-estan-los-campeones-del-mundo\/\">\u00bfD\u00f3nde est\u00e1n los campeones del Mundo?<\/a><\/strong><\/span><\/p>\n<p>Ante Uruguay iniciaron su camino. <strong>M\u00e9xico<\/strong> derrot\u00f3 de forma clara al representativo sudamericano, el marcador fue lo de menos. Un pa\u00eds entero postraba su mirada en sus peque\u00f1os representantes, eso signific\u00f3 el primer triunfo para <strong>los ni\u00f1os de Jes\u00fas Ram\u00edrez<\/strong>. Poco a poco, millones de mexicanos se contagiaron de la inocencia, pureza e ilusi\u00f3n de un <strong>equipo de futbol<\/strong>.<\/p>\n<p>El andar del <em>tricolor<\/em> fue firme, con el alma pintaba de verde, blanco y rojo se deshicieron de Australia, tropezaron con Turqu\u00eda, destrozaron a Costa Rica en el suplemento, liquidaron a Holanda y en la Final, ante Brasil, confrontaron a la historia.\u00a0Los chicos acabaron con los cap\u00edtulos negros de balompi\u00e9 nacional, convirtiendo en cenizas aquellos momento de frustraci\u00f3n por quedar cerca de la orilla de algo grande.<\/p>\n<p>A diferencia de la despedida, a los nuevos Ni\u00f1os H\u00e9roes\u00a0los recibi\u00f3 un aeropuerto euf\u00f3rico, repleto de aficionados y la \u201cfamilia futbol\u00edstica\u201d, al igual que una ciudad desbordada de pasi\u00f3n y agradecimiento.<\/p>\n<p>Pero, sin duda, lo m\u00e1s importante fue que sus familias segu\u00edan ah\u00ed, sin importar los resultados obtenidos.<\/p>\n","protected":false},"excerpt":{"rendered":"<p>En 2005, el Tri Sub-17 se despoj\u00f3 de un anecdotario tan lleno de cap\u00edtulos amargos<\/p>\n","protected":false},"author":20,"featured_media":318512,"comment_status":"open","ping_status":"open","sticky":false,"template":"","format":"standard","meta":[],"categories":[5,2198,3847],"tags":[65,143],"_links":{"self":[{"href":"http:\/\/desarrollo.grupomedios.com\/futbol\/wp-json\/wp\/v2\/posts\/318511"}],"collection":[{"href":"http:\/\/desarrollo.grupomedios.com\/futbol\/wp-json\/wp\/v2\/posts"}],"about":[{"href":"http:\/\/desarrollo.grupomedios.com\/futbol\/wp-json\/wp\/v2\/types\/post"}],"author":[{"embeddable":true,"href":"http:\/\/desarrollo.grupomedios.com\/futbol\/wp-json\/wp\/v2\/users\/20"}],"replies":[{"embeddable":true,"href":"http:\/\/desarrollo.grupomedios.com\/futbol\/wp-json\/wp\/v2\/comments?post=318511"}],"version-history":[{"count":0,"href":"http:\/\/desarrollo.grupomedios.com\/futbol\/wp-json\/wp\/v2\/posts\/318511\/revisions"}],"wp:featuredmedia":[{"embeddable":true,"href":"http:\/\/desarrollo.grupomedios.com\/futbol\/wp-json\/wp\/v2\/media\/318512"}],"wp:attachment":[{"href":"http:\/\/desarrollo.grupomedios.com\/futbol\/wp-json\/wp\/v2\/media?parent=318511"}],"wp:term":[{"taxonomy":"category","embeddable":true,"href":"http:\/\/desarrollo.grupomedios.com\/futbol\/wp-json\/wp\/v2\/categories?post=318511"},{"taxonomy":"post_tag","embeddable":true,"href":"http:\/\/desarrollo.grupomedios.com\/futbol\/wp-json\/wp\/v2\/tags?post=318511"}],"curies":[{"name":"wp","href":"https:\/\/api.w.org\/{rel}","templated":true}]}}