{"id":318514,"date":"2015-10-02T01:57:17","date_gmt":"2015-10-02T06:57:17","guid":{"rendered":"http:\/\/futboltotal.com.mx\/?p=318514"},"modified":"2015-10-02T14:34:57","modified_gmt":"2015-10-02T19:34:57","slug":"a-10-anos-del-campeonato-sub-17-de-la-gloria-al-retiro","status":"publish","type":"post","link":"http:\/\/desarrollo.grupomedios.com\/futbol\/destacado-home\/a-10-anos-del-campeonato-sub-17-de-la-gloria-al-retiro\/2015\/10","title":{"rendered":"De la gloria\u2026 al retiro"},"content":{"rendered":"<p style=\"text-align: left;\"><span style=\"color: #ff0000;\"><strong>VIDEO<\/strong>:\u00a0#HistoriaFT | A 10 a\u00f1os del Mundial Sub-17\u00a0<\/span><\/p>\n<p>[video_player]https:\/\/player.vimeo.com\/external\/141209322.sd.mp4?s=b93a3da73466f852bcedf538fd780f1c&amp;profile_id=112[\/video_player]<\/p>\n<p>Algunos\u00a0elementos que fueron <strong>campeones del Mundial Sub-17 en Per\u00fa 2005<\/strong>\u00a0han logrado\u00a0brillan fuera de M\u00e9xico, otros han lograron destacar en la liga local. Unos m\u00e1s\u00a0se aferran a la\u00a0posibilidad de seguir en actividad con relativo \u00e9xito\u2026\u00a0Pero hay casos en los que <strong>el t\u00edtulo mundial fue lo \u00fanico que lograron en su carrera como futbolistas<\/strong>.<\/p>\n<p>Hace 10 a\u00f1os,\u00a0un grupo de ni\u00f1os talentosos\u00a0comandado por Jes\u00fas Ram\u00edrez lograron lo que para muchos parec\u00eda imposible: derrotar en una Gran Final a la selecci\u00f3n de Brasil y <a href=\"http:\/\/futboltotal.com.mx\/2015\/10\/a-10-anos-del-primer-campeonato-mundial-de-mexico\/\"><strong>conquistar\u00a0por primera vez un campeonato mundial de futbol para M\u00e9xico<\/strong><\/a>.<\/p>\n<p>Tal haza\u00f1a\u00a0permiti\u00f3 que algunos de aquellos\u00a0hist\u00f3ricos\u00a0chamacos, pero la gloria no se ensanch\u00f3 para todos.\u00a0Para\u00a0<strong>Cristian Flores<\/strong>, <strong>Pedro Valverde<\/strong>, <strong>Heriberto Beltr\u00e1n<\/strong> y <strong>Mario Gallegos<\/strong>, quien hoy viven en el retiro. En el olvido futbol\u00edstico.<\/p>\n<p style=\"text-align: center;\"><strong><span style=\"color: #3366ff;\"><a style=\"color: #3366ff;\" href=\"http:\/\/futboltotal.com.mx\/2015\/10\/a-10-anos-del-primer-campeonato-mundial-de-mexico\/\">LEER M\u00c1S: A 10 a\u00f1os del primer campeonato mundial de M\u00e9xico<\/a><\/span><\/strong><\/p>\n<p><strong><span style=\"color: #ff0000;\">Cristian Flores<\/span> |\u00a0<\/strong>El hijo del entrenador Efra\u00edn Flores form\u00f3 parte de la lista definitiva en el 2005; ven\u00eda del Atlas, equipo con\u00a0tradici\u00f3n dentro de fuerzas b\u00e1sicas, lo que\u00a0presupuestaba\u00a0un notable\u00a0crecimiento\u00a0a su carrera. Sin embargo, al regresar del Mundial no encontr\u00f3 la continuidad deseada, por lo que busc\u00f3 oportunidad con los Tecos de la Universidad Aut\u00f3noma de Guadalajara, y con los <em>Guerreros<\/em> de Hermosillo de la Primera A.<\/p>\n<p>Al no disponer de minutos, <strong>Christian Flores<\/strong>\u00a0comenz\u00f3 a ejercer la funci\u00f3n\u00a0de entrenador de porteros, tanto en Pachuca (al lado de Miguel Calero) como en Dorados. Con el paso de los a\u00f1os\u00a0y al no tener \u00e9xito dentro del futbol decidi\u00f3 colgar los botines a los 26 a\u00f1os. Ahora trabaja para una empresa de seguros.<\/p>\n<p><span style=\"color: #ff0000;\"><strong>Mario Gallegos<\/strong><\/span> | Otro elemento que ven\u00eda con el gran cartel de fuerzas b\u00e1sicas del Atlas. Su calidad le alcanz\u00f3 para formar\u00a0parte de la Selecci\u00f3n Mexicana\u00a0que obtuvo el bronce en los Juegos Panamericanos de Brasil 2007.\u00a0No obstante, el\u00a0centrocampista esper\u00f3 la oportunidad con los <em>rojinegros<\/em>, pero nunca cont\u00f3\u00a0con la confianza necesaria.<\/p>\n<p>Despu\u00e9s de militar en equipos como Chiapas, Veracruz, <em>Loros<\/em> de Colima y Tampico Madero, decidi\u00f3 optar por el retiro.<\/p>\n<p style=\"text-align: center;\"><strong><span style=\"color: #3366ff;\"><a style=\"color: #3366ff;\" href=\"http:\/\/futboltotal.com.mx\/2015\/10\/donde-estan-los-campeones-del-mundo\/\">LEER M\u00c1S: \u00bfD\u00f3nde est\u00e1n los campeones del Mundo?<\/a><\/span><\/strong><\/p>\n<p><span style=\"color: #ff0000;\"><strong>Pedro Valverde<\/strong><\/span> |\u00a0Regres\u00f3 del Mundial de Per\u00fa 2015 con la ilusi\u00f3n de debutar en Primera Divisi\u00f3n\u00a0con su club, Cruz Azul; lamentablemente,\u00a0los <em>cementeros<\/em> ocuparon sus servicios en sus equipos inferiores y nunca lleg\u00f3 la oportunidad en el primer equipo. Intent\u00f3 trascender en\u00a0la liga de ascenso, tanto con el Tampico Madero como con los <em>Delfines<\/em> del Carmen, pero con la desaparici\u00f3n en la <em>liga de plata<\/em>\u00a0de los cet\u00e1ceos,\u00a0en el 2014, las oportunidades desaparecieron, oblig\u00e1ndolo a decir adi\u00f3s.<\/p>\n<p><span style=\"color: #ff0000;\"><strong>Heriberto Beltr\u00e1n<\/strong><\/span>\u00a0| Canterano\u00a0del Pachuca, equipo en el que no pudo llegar al m\u00e1ximo circuito, forz\u00e1ndolo a buscar oportunidades en otras divisiones, sitio donde coleccion\u00f3 las camisetas del Irapuato, <em>Tiburones Rojos<\/em> de Coatzacoalcos, <em>Titanes<\/em> de Tulancingo y <em>Albinegros<\/em> de Orizaba. Hoy en d\u00eda se encuentra radicando en Mexicali, sin equipo, pero con la firme intenci\u00f3n de poder encontrar alg\u00fan plantel en el Ascenso MX en el pr\u00f3ximo torneo. Sue\u00f1a\u00a0con regresar a las canchas. Y tal vez, abordar su \u00faltimo tren.<\/p>\n","protected":false},"excerpt":{"rendered":"<p>La gris historia de Flores, Valverde, Gallegos y Beltr\u00e1n<\/p>\n","protected":false},"author":20,"featured_media":318518,"comment_status":"open","ping_status":"open","sticky":false,"template":"","format":"standard","meta":[],"categories":[5,2198,3847,5950],"tags":[65,1146,143],"_links":{"self":[{"href":"http:\/\/desarrollo.grupomedios.com\/futbol\/wp-json\/wp\/v2\/posts\/318514"}],"collection":[{"href":"http:\/\/desarrollo.grupomedios.com\/futbol\/wp-json\/wp\/v2\/posts"}],"about":[{"href":"http:\/\/desarrollo.grupomedios.com\/futbol\/wp-json\/wp\/v2\/types\/post"}],"author":[{"embeddable":true,"href":"http:\/\/desarrollo.grupomedios.com\/futbol\/wp-json\/wp\/v2\/users\/20"}],"replies":[{"embeddable":true,"href":"http:\/\/desarrollo.grupomedios.com\/futbol\/wp-json\/wp\/v2\/comments?post=318514"}],"version-history":[{"count":0,"href":"http:\/\/desarrollo.grupomedios.com\/futbol\/wp-json\/wp\/v2\/posts\/318514\/revisions"}],"wp:featuredmedia":[{"embeddable":true,"href":"http:\/\/desarrollo.grupomedios.com\/futbol\/wp-json\/wp\/v2\/media\/318518"}],"wp:attachment":[{"href":"http:\/\/desarrollo.grupomedios.com\/futbol\/wp-json\/wp\/v2\/media?parent=318514"}],"wp:term":[{"taxonomy":"category","embeddable":true,"href":"http:\/\/desarrollo.grupomedios.com\/futbol\/wp-json\/wp\/v2\/categories?post=318514"},{"taxonomy":"post_tag","embeddable":true,"href":"http:\/\/desarrollo.grupomedios.com\/futbol\/wp-json\/wp\/v2\/tags?post=318514"}],"curies":[{"name":"wp","href":"https:\/\/api.w.org\/{rel}","templated":true}]}}