{"id":318554,"date":"2015-10-02T10:24:37","date_gmt":"2015-10-02T15:24:37","guid":{"rendered":"http:\/\/futboltotal.com.mx\/?p=318554"},"modified":"2015-10-02T11:25:28","modified_gmt":"2015-10-02T16:25:28","slug":"paco-gabriel-de-anda-desmiente-acercamientos-con-cruz-azul","status":"publish","type":"post","link":"http:\/\/desarrollo.grupomedios.com\/futbol\/futbol-mexicano\/paco-gabriel-de-anda-desmiente-acercamientos-con-cruz-azul\/2015\/10","title":{"rendered":"Paco Gabriel de Anda desmiente acercamientos con Cruz Azul"},"content":{"rendered":"<p>Los cambios que se pretenden en <strong>Cruz Azul<\/strong> son bastantes y entre varios rumores, un proyecto llamaba la atenci\u00f3n. <strong>Fernando Schwartz<\/strong> indic\u00f3 que <strong>Francisco Gabriel de Anda<\/strong><strong> estaba cerca de ser Director Deportivo de la instituci\u00f3n y con ello, al banquillo legar\u00eda Mauro Camoranesi, hombre de toda su confianza. <\/strong><\/p>\n<p>Pero Paco Gabriel de Anda sali\u00f3 a desmentir todas esas versiones y de paso le mand\u00f3 un mensaje a Fernando Schwartz, indicando que siempre se vale de cualquier clase de rumor para contar con &#8216;exclusivas&#8217;.<\/p>\n<p>&#8220;Lo he escuchado. No hay nada de cierto en esta nota o versi\u00f3n, s\u00e9 de donde viene. La dio Fernando Schwartz para decirlo con nombre y apellido. Todo viene porque yo tengo una relaci\u00f3n con Mauro Camoranesi de hace 20 a\u00f1os y nos vieron en un restaurante del sur de la Ciudad de M\u00e9xico donde se frecuenta la gente del medio futbol\u00edstico, hab\u00eda compa\u00f1eros de Schwartz y seguramente le pasaron la informaci\u00f3n y \u00e9l invent\u00f3 la historia&#8221;, se\u00f1al\u00f3 molesto.<\/p>\n<p>&#8220;Le falta el respeto a Cruz Azul que tiene un Director Deportivo en funciones y tambi\u00e9n a m\u00ed. Fernando se caracteriza por eso, por tirar noticias de a ver si chicle y pega. Fue despedido de ESPN por un incidente penoso, desagradable. Pero bueno, sigue en esa l\u00ednea y yo s\u00ed tengo que aclarar que no es as\u00ed. Yo estoy trabajando en ESPN y no estoy tocando otras puertas ni ofreciendo proyectos a diestra y siniestra&#8221;, aclar\u00f3 De Anda.<\/p>\n<p><strong>&#8220;Son notas que quiz\u00e1s se estilan en determinado tipo de periodismo pero no lo comparto y lo niego rotundamente&#8221;<\/strong>, asever\u00f3 sobre el nulo inter\u00e9s que tiene en llegar a Cruz Azul, aclarando que se muestra agradecido pero rechaza ante cualquier situaci\u00f3n dejar tirado su trabajo actual.<\/p>\n<p><iframe loading=\"lazy\" src=\"https:\/\/www.youtube.com\/embed\/zxKmUhz12Yw\" frameborder=\"0\" allowfullscreen=\"allowfullscreen\"><\/iframe><\/p>\n","protected":false},"excerpt":{"rendered":"<p>Un reporte indic\u00f3 que estaba cerca de ser el director deportivo del club<\/p>\n","protected":false},"author":20,"featured_media":318555,"comment_status":"open","ping_status":"open","sticky":false,"template":"","format":"standard","meta":[],"categories":[2198,3845,5950],"tags":[5962,6222,6221],"_links":{"self":[{"href":"http:\/\/desarrollo.grupomedios.com\/futbol\/wp-json\/wp\/v2\/posts\/318554"}],"collection":[{"href":"http:\/\/desarrollo.grupomedios.com\/futbol\/wp-json\/wp\/v2\/posts"}],"about":[{"href":"http:\/\/desarrollo.grupomedios.com\/futbol\/wp-json\/wp\/v2\/types\/post"}],"author":[{"embeddable":true,"href":"http:\/\/desarrollo.grupomedios.com\/futbol\/wp-json\/wp\/v2\/users\/20"}],"replies":[{"embeddable":true,"href":"http:\/\/desarrollo.grupomedios.com\/futbol\/wp-json\/wp\/v2\/comments?post=318554"}],"version-history":[{"count":0,"href":"http:\/\/desarrollo.grupomedios.com\/futbol\/wp-json\/wp\/v2\/posts\/318554\/revisions"}],"wp:featuredmedia":[{"embeddable":true,"href":"http:\/\/desarrollo.grupomedios.com\/futbol\/wp-json\/wp\/v2\/media\/318555"}],"wp:attachment":[{"href":"http:\/\/desarrollo.grupomedios.com\/futbol\/wp-json\/wp\/v2\/media?parent=318554"}],"wp:term":[{"taxonomy":"category","embeddable":true,"href":"http:\/\/desarrollo.grupomedios.com\/futbol\/wp-json\/wp\/v2\/categories?post=318554"},{"taxonomy":"post_tag","embeddable":true,"href":"http:\/\/desarrollo.grupomedios.com\/futbol\/wp-json\/wp\/v2\/tags?post=318554"}],"curies":[{"name":"wp","href":"https:\/\/api.w.org\/{rel}","templated":true}]}}