{"id":318611,"date":"2015-10-02T13:01:17","date_gmt":"2015-10-02T18:01:17","guid":{"rendered":"http:\/\/futboltotal.com.mx\/?p=318611"},"modified":"2015-10-02T13:02:44","modified_gmt":"2015-10-02T18:02:44","slug":"ronaldinho-sufre-accidente-automovilistico","status":"publish","type":"post","link":"http:\/\/desarrollo.grupomedios.com\/futbol\/cambio-de-juego\/ronaldinho-sufre-accidente-automovilistico\/2015\/10","title":{"rendered":"Ronaldinho sufre accidente automovil\u00edstico"},"content":{"rendered":"<p>De acuerdo con fotos filtradas en Internet este viernes, <strong>Ronaldinho<\/strong> Gaucho sufri\u00f3 un accidente de coche en el barrio de La Restinga, en Porto Alegre, donde el jugador tiene casa.<\/p>\n<p>En la primera semana despu\u00e9s de rescindir el contrato con el Fluminense, el atleta viaj\u00f3 al sur para celebrar el cumplea\u00f1os de su madre, do\u00f1a Miguelina, y termin\u00f3 siendo el blanco de los flashes de los aficionados despu\u00e9s de ver su coche.<\/p>\n<p>Ronaldinho perdi\u00f3 el control de su camioneta que fuea caer directo a la zanja lateral. Rapidament se corri\u00f3 el rumor en Twitter, aunque por el mismo tiempo se tranquiliz\u00f3 acerca del estado de salud del futbolista con fotos junto a varios aficionados despu\u00e9s del incidente.<\/p>\n<p>&#8220;No fue una gran cosa. \u00c9l era el conductor y el accidente ocurri\u00f3. Gracias a Dios fue algo muy tranquilo. Sin dolor, lo que es m\u00e1s importante&#8221;, dijo Assis, quien en una entrevista el jueves pasado asegur\u00f3 que Ronaldinho pensar\u00e1 en nuevos proyectos para 2016.<\/p>\n<p><a href=\"http:\/\/futboltotal.com.mx\/wp-content\/uploads\/2015\/10\/Ronaldinho-choque.jpg\"><img decoding=\"async\" loading=\"lazy\" class=\"alignnone size-revistasmall wp-image-318613\" src=\"http:\/\/futboltotal.com.mx\/wp-content\/uploads\/2015\/10\/Ronaldinho-choque.jpg\" alt=\"Ronaldinho choque\" srcset=\"http:\/\/desarrollo.grupomedios.com\/futbol\/wp-content\/uploads\/2015\/10\/Ronaldinho-choque.jpg 820w, http:\/\/desarrollo.grupomedios.com\/futbol\/wp-content\/uploads\/2015\/10\/Ronaldinho-choque-300x145.jpg 300w\" sizes=\"(max-width: 820px) 100vw, 820px\" \/><\/a><\/p>\n<p>Justo el jueves, el empresario Neville Stern, due\u00f1o de Viton 44, principal patrocinador del Fluminense despu\u00e9s de la liberaci\u00f3n de Unimed, a finales de 2014, critic\u00f3 el paso de Ronaldinho para el club en una entrevista con la <em>M\u00e1quina del Deporte.<\/em><\/p>\n<p>&#8220;El chico tiene 35 a\u00f1os. Bebe mucho y siempre est\u00e1 de fiesta. La contrataci\u00f3n de Ronaldinho era mala. Es un jugador de nombre, solo eso&#8221;, sentenci\u00f3.<\/p>\n","protected":false},"excerpt":{"rendered":"<p>Hace unos d\u00edas el campe\u00f3n del mundo abandon\u00f3 al Fluminense <\/p>\n","protected":false},"author":20,"featured_media":294419,"comment_status":"open","ping_status":"open","sticky":false,"template":"","format":"standard","meta":[],"categories":[5419],"tags":[5997],"_links":{"self":[{"href":"http:\/\/desarrollo.grupomedios.com\/futbol\/wp-json\/wp\/v2\/posts\/318611"}],"collection":[{"href":"http:\/\/desarrollo.grupomedios.com\/futbol\/wp-json\/wp\/v2\/posts"}],"about":[{"href":"http:\/\/desarrollo.grupomedios.com\/futbol\/wp-json\/wp\/v2\/types\/post"}],"author":[{"embeddable":true,"href":"http:\/\/desarrollo.grupomedios.com\/futbol\/wp-json\/wp\/v2\/users\/20"}],"replies":[{"embeddable":true,"href":"http:\/\/desarrollo.grupomedios.com\/futbol\/wp-json\/wp\/v2\/comments?post=318611"}],"version-history":[{"count":0,"href":"http:\/\/desarrollo.grupomedios.com\/futbol\/wp-json\/wp\/v2\/posts\/318611\/revisions"}],"wp:featuredmedia":[{"embeddable":true,"href":"http:\/\/desarrollo.grupomedios.com\/futbol\/wp-json\/wp\/v2\/media\/294419"}],"wp:attachment":[{"href":"http:\/\/desarrollo.grupomedios.com\/futbol\/wp-json\/wp\/v2\/media?parent=318611"}],"wp:term":[{"taxonomy":"category","embeddable":true,"href":"http:\/\/desarrollo.grupomedios.com\/futbol\/wp-json\/wp\/v2\/categories?post=318611"},{"taxonomy":"post_tag","embeddable":true,"href":"http:\/\/desarrollo.grupomedios.com\/futbol\/wp-json\/wp\/v2\/tags?post=318611"}],"curies":[{"name":"wp","href":"https:\/\/api.w.org\/{rel}","templated":true}]}}