{"id":318914,"date":"2015-10-03T09:10:58","date_gmt":"2015-10-03T14:10:58","guid":{"rendered":"http:\/\/futboltotal.com.mx\/?p=318914"},"modified":"2015-10-03T10:20:08","modified_gmt":"2015-10-03T15:20:08","slug":"zlatan-ibrahimovic-a-luz-y-sombra","status":"publish","type":"post","link":"http:\/\/desarrollo.grupomedios.com\/futbol\/destacado-home\/zlatan-ibrahimovic-a-luz-y-sombra\/2015\/10","title":{"rendered":"Zlatan Ibrahimovic&#8230; A luz y sombra"},"content":{"rendered":"<p>Impresionante y mordaz. Genial y desconcertante. Audaz y antip\u00e1tico. Estos y otros adjetivos definen la personalidad del contradictorio <em>crack<\/em> del <strong>PSG<\/strong>, <strong>Zlatan Ibrahimovic<\/strong>.\u00a0Y en su cumplea\u00f1os\u00a034, presentamos\u00a0un perfil detallado de uno de los mejores goleadores de la actualidad.<\/p>\n<p><strong>Perfeccionista<\/strong> | Aunque fue con un a\u00f1o de retraso, <strong>Zlatan Ibrahimovic<\/strong> recibi\u00f3 el Premio Pusk\u00e1s 2013 para el mejor gol por aquella genial chilena que anot\u00f3 el 14 de noviembre de 2012 en un partido amistoso entre Suecia e Inglaterra. El portero brit\u00e1nico Joe Hart sali\u00f3 de su \u00e1rea apresuradamente a rechazar el bal\u00f3n con la cabeza. La pelota dibuj\u00f3 una par\u00e1bola, <em>Ibra<\/em> se acomod\u00f3 y de espaldas al arco ejecut\u00f3 el remate.<\/p>\n<p>La facilidad con la que <strong>Zlatan Ibrahimovic<\/strong>\u00a0realiz\u00f3 esa chilena es producto de la pr\u00e1ctica. Seg\u00fan \u00e9l mismo cuenta, d\u00edas despu\u00e9s de ese gol, hizo una con mayor dificultad en un entrenamiento con el <strong>PSG<\/strong>. \u201cSi los practico es porque siempre quiero ser mejor y porque nunca estoy satisfecho con lo que he hecho. Volv\u00ed a marcar de esa forma, pero<br \/>\nen una porter\u00eda m\u00e1s peque\u00f1a\u201d. Sus compa\u00f1eros en el <strong>PSG<\/strong> le dijeron a <strong>Zlatan<\/strong> que esta hab\u00eda estado m\u00e1s bonita, \u00e9l no estuvo de acuerdo. \u201cPrefiero la que le hice a Inglaterra<br \/>\nporque pens\u00e9: \u2018No s\u00e9 qu\u00e9 m\u00e1s puedo hacer para demostrar que soy el mejor\u2019\u201d.<\/p>\n<p><iframe loading=\"lazy\" src=\"https:\/\/www.youtube.com\/embed\/kpyq5tJkq_c\" frameborder=\"0\" allowfullscreen=\"allowfullscreen\"><\/iframe><\/p>\n<p><strong>Impulsivo <\/strong>| \u201c\u00a1Despierten, no est\u00e1n con amateurs!\u201d, reclamaba <strong>Zlatan Ibrahimovic<\/strong> al cuerpo arbitral, molesto con el trabajo del silbante Lionel Jaffredo en la derrota por 3-2 del PSG ante el Burdeos en la Ligue 1 2014-15.<\/p>\n<p>Al final del partido, el atacante, encolerizado, arremeti\u00f3 en contra de toda una naci\u00f3n: \u201cEn m\u00e1s de 15 a\u00f1os de carrera, jam\u00e1s hab\u00eda visto un \u00e1rbitro tan podrido en este pa\u00eds de mierda\u201d. Y fue m\u00e1s all\u00e1: \u201c\u00a1Este pa\u00eds no merece tener un equipo como el PSG!\u201d. Un d\u00eda despu\u00e9s, se retract\u00f3: \u201cEstaba hablando con rabia. Quiero ofrecer disculpas\u201d.<\/p>\n<p>Aunque el ministro de deportes de Francia, Patrick Kanner, no qued\u00f3 conforme: \u201cLa frustraci\u00f3n de Ibrahimovic no justifica lo que dijo del \u00e1rbitro y del pa\u00eds que lo acoge\u201d.<\/p>\n<p>Por bocaza, <em>Ibra<\/em> obtuvo una suspensi\u00f3n de cuatro partidos en la liga. El jugador sueco recibi\u00f3 el castigo fiel a su estilo mordaz: \u201cMejor hubiera sido suspendido para lo que resta de la temporada, as\u00ed hubiera tenido m\u00e1s tiempo de vacaciones\u201d.<\/p>\n<p><iframe loading=\"lazy\" src=\"https:\/\/www.youtube.com\/embed\/MvmFWCf0IL0\" frameborder=\"0\" allowfullscreen=\"allowfullscreen\"><\/iframe><\/p>\n<p><strong>Ganador para rato<\/strong> | El sueco ha sido campe\u00f3n de liga y copa en varios pa\u00edses. En la Eredivisie triunf\u00f3 con el Ajax; en la Serie A con Inter y Mil\u00e1n; en Espa\u00f1a con el Barcelona y en Francia con el PSG. En total ha conquistado 11 t\u00edtulos de liga y 12 copas entre nacionales e internacionales.<\/p>\n<p>Zlatan ha sido decisivo en la obtenci\u00f3n de esos t\u00edtulos y ha terminado como Mejor Jugador del torneo, Campe\u00f3n de Goleo o ambas, como sucedi\u00f3 con el PSG en las temporadas 2012-13 y 2013-14. \u201cEsto se debe al hambre de triunfo que me ha caracterizado. Si me relajara y empezara a perder, entonces ser\u00eda mejor dejar de jugar al futbol\u201d, admite el atacante de 34 a\u00f1os, quien a\u00f1adi\u00f3: \u201cA\u00fan siento la necesidad de hacer las cosas 10 veces mejor que otros jugadores\u201d.<\/p>\n<p>Consciente de esto, su representante -Mino Raiola- asegura que a\u00fan hay delantero para rato: \u201cEst\u00e1 en una gran forma y creo que puede seguir as\u00ed hasta los 42 o 43 a\u00f1os, para entonces tambi\u00e9n tendr\u00e1 la misma motivaci\u00f3n en ganar\u201d.<\/p>\n<p><a href=\"http:\/\/futboltotal.com.mx\/wp-content\/uploads\/2015\/10\/ZI-.jpg\"><img decoding=\"async\" loading=\"lazy\" class=\"alignnone size-full wp-image-318916\" src=\"http:\/\/futboltotal.com.mx\/wp-content\/uploads\/2015\/10\/ZI-.jpg\" alt=\"ZI\" srcset=\"http:\/\/desarrollo.grupomedios.com\/futbol\/wp-content\/uploads\/2015\/10\/ZI-.jpg 820w, http:\/\/desarrollo.grupomedios.com\/futbol\/wp-content\/uploads\/2015\/10\/ZI--300x219.jpg 300w\" sizes=\"(max-width: 820px) 100vw, 820px\" \/><\/a><\/p>\n<p><strong>Coraz\u00f3n de noble<\/strong> | En febrero de 2015, tras anotarle al Caen en la Ligue 1, Zlatan se despoj\u00f3 de la playera del PSG \u2013fue amonestado por esto- y dej\u00f3 al descubierto 50 nombres escritos en su torso y brazos.<\/p>\n<p>\u201cSi pudiera, escribir\u00eda cada nombre en mi cuerpo. Pero hay 805 millones de personas que hoy padecen hambre en el mundo. Muchos de ellos son ni\u00f1os\u201d, explic\u00f3 el<br \/>\ndelantero en un video difundido por el Programa Mundial de Alimento de las Naciones Unidas (PMA), del cual es embajador.<\/p>\n<p>A\u00f1os atr\u00e1s, en octubre de 2006, Ibrahimovic volvi\u00f3 a Rosengard -distrito de la ciudad sueca Malm\u00f6- lugar en el que naci\u00f3 y creci\u00f3, con el fin de inaugurar una cancha de futbol para los ni\u00f1os del barrio. Se le llam\u00f3: Zlatan Arena.<\/p>\n<p>El delantero es consciente de las carencias que se sufren en ese lugar, al haberlas vivido en carne propia. \u201cEs importante que los ni\u00f1os de aqu\u00ed se fijen en alguien como<br \/>\nyo y descubran que la vida ofrece posibilidades: pueden seguir mi camino\u201d, dijo el d\u00eda de la inauguraci\u00f3n.<\/p>\n<p>\u201cZlatan acept\u00f3 el reto y deseaba llevar sus historias en su propia piel para que el mundo no se olvide de ellos\u201d, Marina Catena, directora del PMA para Francia y el<br \/>\nprincipado de M\u00f3naco.<\/p>\n<p><iframe loading=\"lazy\" src=\"https:\/\/www.youtube.com\/embed\/eXB73c_9z_Q\" frameborder=\"0\" allowfullscreen=\"allowfullscreen\"><\/iframe><\/p>\n<p><strong>Violento<\/strong> | En agosto de 2004, Suecia enfrent\u00f3 en un amistoso a Holanda, que ten\u00eda en su alineaci\u00f3n a Rafael van der Vaart, compa\u00f1ero de Ibrahimovic en el Ajax. En ese juego, ambos tuvieron un choque del que el holand\u00e9s sali\u00f3 lesionado. \u201cZlatan me golpe\u00f3 a prop\u00f3sito\u201d, se quej\u00f3 Rafael.<\/p>\n<p>Ronald Koeman, t\u00e9cnico ajacied, tuvo que interceder para limar las asperezas y Van der Vaart acept\u00f3 que <em>Ibra<\/em> no lo hab\u00eda lastimado con intenci\u00f3n, pero el sueco revir\u00f3: \u201cSabes que no te lesion\u00e9 a prop\u00f3sito, pero si vuelves a acusarme te romper\u00e9 las dos piernas y ahora s\u00ed ser\u00e1 a prop\u00f3sito\u201d.<\/p>\n<p>En noviembre de 2012, el PSG perd\u00eda 1-0 ante el Saint-\u00c9tienne al minuto 73. Entonces Zlatan parec\u00eda disputar un bal\u00f3n contra el portero rival, St\u00e9phane Ruffier, a quien le<br \/>\nasest\u00f3 un patad\u00f3n en el pecho, acci\u00f3n por el que fue expulsado.<\/p>\n<p>Otra agresi\u00f3n que ameritaba tarjeta roja fue un pisot\u00f3n en la cabeza de Dejan Lovren del Olympique de Marsella, al que enfrent\u00f3 en diciembre del mismo a\u00f1o, pero Zlatan<br \/>\nno result\u00f3 sancionado. \u201cNo fue con intenci\u00f3n porque estaba mirando a la pelota\u201d, asegur\u00f3 el sueco.<\/p>\n<p><strong>Obras del instinto <\/strong>| \u201cSuelo hacer goles bonitos con frecuencia, as\u00ed que no vamos a decir que es suerte\u201d, asever\u00f3 Zlatan en referencia a su anotaci\u00f3n de chilena contra Inglaterra. Es verdad, <em>Ibracadabra<\/em> consigue dianas espectaculares y acrob\u00e1ticas.<\/p>\n<p>En su repertorio de recursos, hay uno que ha empleado con constancia y gran efectividad. El remate de espuela: ejecuci\u00f3n en la que toma las pelotas elevadas, ya sea<br \/>\ndetr\u00e1s o a un lado de \u00e9l, y les pega con el tal\u00f3n. As\u00ed marc\u00f3 el empate 1-1 de Suecia contra Italia en la Eurocopa de 2004; el 1-0 en el triunfo del Inter de Mil\u00e1n sobre el<br \/>\nBologna en la Serie A, el 4 de octubre de 2006, y el primer tanto \u2013del doblete que hizo\u2013 en el 4-0 sobre Bastia en la Ligue 1, el 19 de octubre de 2013.<\/p>\n<p>\u201cEsos goles son obra de mi instinto goleador, de remates que no pienso y solo ejecuto de forma espont\u00e1nea\u201d, revela el artillero sueco, quien tambi\u00e9n considera que esa<br \/>\nelasticidad con la que remata se debe a las habilidades adquiridas como cintur\u00f3n negro en taekwondo desde los 17 a\u00f1os.<\/p>\n<p>\u201cTodos los jugadores intentan hacer goles fant\u00e1sticos, pero no todos pueden; soy afortunado por haber marcadoalgunos cuantos\u201d, Zlatan Ibrahimovic.<\/p>\n<p><iframe loading=\"lazy\" src=\"https:\/\/www.youtube.com\/embed\/_pVbF9TyQuM\" frameborder=\"0\" allowfullscreen=\"allowfullscreen\"><\/iframe><\/p>\n<p><strong>Bien macho<\/strong> | Ibrahimovic caminaba rumbo a la sala de conferencias del estadio Nya Ullevi en G\u00f6teborg, Suecia. En su trayecto, el anotador del 1-0 con el que los suecos vencieron a Inglaterra en marzo de 2004 escuch\u00f3 la pregunta de un periodista: \u201cTienes cicatrices en la cara, Zlatan, \u00bfqu\u00e9 te ocurri\u00f3?\u201d. <em>Ibra<\/em> detuvo su camino y se acerc\u00f3 al micr\u00f3fono del reportero para responder: \u201cNo estoy seguro. Tendr\u00e1s que pregunt\u00e1rselo a tu esposa\u201d.<\/p>\n<p>En mayo de 2010, cuando militaba en el Barcelona, circul\u00f3 en medios de comunicaci\u00f3n y redes sociales una fotograf\u00eda en la que se ve tomado de la mano del defensa Gerard<br \/>\nPiqu\u00e9 en el estacionamiento del club blaugrana.<\/p>\n<p>El zaguero no le dio gran importancia a la imagen y se lo tom\u00f3 todo a broma: \u201cEs mi novio\u201d, dijo entre risas; Zlatan fue todo lo contrario. Mientras el delantero repart\u00eda<br \/>\naut\u00f3grafos a los aficionados, la reportera Laura Lago del programa de televisi\u00f3n <em>S\u00e1lvame<\/em> le pregunt\u00f3 en varias ocasiones sobre la imagen. Enfadado, el espigado<br \/>\nfutbolista le respondi\u00f3: \u201cVente a mi casa y vas a ver que no soy maric\u00f3n. Y lleva a tu hermana\u201d.<\/p>\n<p><a href=\"http:\/\/futboltotal.com.mx\/wp-content\/uploads\/2015\/10\/Zlatan-Ibrahimovic-y-Gerard-Pique-enamorados.jpg\"><img decoding=\"async\" loading=\"lazy\" class=\"alignnone size-full wp-image-318917\" src=\"http:\/\/futboltotal.com.mx\/wp-content\/uploads\/2015\/10\/Zlatan-Ibrahimovic-y-Gerard-Pique-enamorados.jpg\" alt=\"Zlatan-Ibrahimovic-y-Gerard-Pique-enamorados\" srcset=\"http:\/\/desarrollo.grupomedios.com\/futbol\/wp-content\/uploads\/2015\/10\/Zlatan-Ibrahimovic-y-Gerard-Pique-enamorados.jpg 505w, http:\/\/desarrollo.grupomedios.com\/futbol\/wp-content\/uploads\/2015\/10\/Zlatan-Ibrahimovic-y-Gerard-Pique-enamorados-274x300.jpg 274w\" sizes=\"(max-width: 505px) 100vw, 505px\" \/><\/a><\/p>\n<p><strong>Odio a muerte<\/strong> | \u201cEl se\u00f1or Zlatan Ibrahimovic habla mucho fuera de la cancha, mejor que lo haga en el campo que es donde importa\u201d, Josep Guardiola. De su paso por el Barcelona en la temporada 2009-10, Zlatan sali\u00f3 aborreciendo a <em>Pep<\/em>. El delantero ha hecho p\u00fablico su resentimiento hacia el entrenador catal\u00e1n en su libro Yo soy Zlatan Ibrahimovic y en entrevista con el semanario alem\u00e1n <em>Der Spiegel<\/em>.<\/p>\n<p><em>Ibra<\/em> cont\u00f3 que el espa\u00f1ol lo sacrific\u00f3 por Lionel Messi. \u201cY no tuvo el valor para dec\u00edrmelo: Guardiola no tiene huevos\u201d. Tambi\u00e9n afirm\u00f3 que fue Pep, a quien<br \/>\nllam\u00f3 \u201cel fil\u00f3sofo\u201d, la raz\u00f3n por la que no pudo triunfar en el Barcelona.<\/p>\n<p>En su ira hacia el catal\u00e1n, lo compar\u00f3 con Jos\u00e9 Mourinho al decir que este \u201ces capaz de afrontar retos dif\u00edciles y Guardiola los evita\u201d. Luego lanz\u00f3 la pregunta: \u201c\u00bfPor qu\u00e9 eligi\u00f3 al Bayern M\u00fanich?\u201d; \u00e9l mismo la respondi\u00f3: \u201cPorque sab\u00eda que ese equipo puede funcionar sin \u00e9l\u201d.<\/p>\n<p>Incluso, luego de que el Barcelona eliminara al Mil\u00e1n en cuartos de final de la Champions 2011-12, Zlatan sinti\u00f3 que el arbitraje benefici\u00f3 al cuadro cul\u00e9, por ello<br \/>\nmencion\u00f3: \u201cAhora entiendo a Mourinho\u201d, en referencia a que el t\u00e9cnico portugu\u00e9s ha dicho que los arbitrajes sol\u00edan beneficiar al Barcelona de Guardiola.<\/p>\n<p><a href=\"http:\/\/futboltotal.com.mx\/wp-content\/uploads\/2015\/10\/QW.jpg\"><img decoding=\"async\" loading=\"lazy\" class=\"alignnone size-full wp-image-318918\" src=\"http:\/\/futboltotal.com.mx\/wp-content\/uploads\/2015\/10\/QW.jpg\" alt=\"QW\" srcset=\"http:\/\/desarrollo.grupomedios.com\/futbol\/wp-content\/uploads\/2015\/10\/QW.jpg 800w, http:\/\/desarrollo.grupomedios.com\/futbol\/wp-content\/uploads\/2015\/10\/QW-300x200.jpg 300w\" sizes=\"(max-width: 800px) 100vw, 800px\" \/><\/a><\/p>\n<p><strong>Dobletes de r\u00e9cord<\/strong> | Zlatan ostenta dos r\u00e9cords goleadores. Uno como el m\u00e1ximo anotador en una sola temporada con el Par\u00eds Saint-Germain, otro como el mejor romperredes en la historia de la selecci\u00f3n de Suecia; ambos vigentes durante a\u00f1os y superados con dobletes. El conquistado en su club ocurri\u00f3 el 16 de marzo de 2014 en el triunfo de 2-0 sobre el Saint-\u00c9tienne, mediante un zurdazo y un remate exquisito con la parte externa del pie derecho. Con estos, Ibra lleg\u00f3 a 40 goles (al final hizo 41) en todos los torneos de la temporada 2013- 14. Super\u00f3 los 39 hechos por el argentino Carlos Bianchi en la 1977-78.<\/p>\n<p>Con Suecia (selecci\u00f3n para la que ha jugado m\u00e1s de 100 veces) implement\u00f3 una marca en el amistoso ante Estonia el 4 de septiembre de 2014. A ese partido Ibrahimovic lleg\u00f3 con 48 goles, pero con una volea de zurda igual\u00f3 los 49 conseguidos 82 a\u00f1os atr\u00e1s por Sven Rydell. Luego, con un taconazo \u2013al estilo Zlatan, dice \u00e9l\u2013 marc\u00f3 el hist\u00f3rico 50 que lo erigi\u00f3 como el m\u00e1ximo anotador del representativo Blagult.<\/p>\n<p>\u201cUstedes lo han hecho posible\u201d, dec\u00eda la playera que le mostr\u00f3 a los aficionados en su festejo, misma que en el dorso se le\u00eda 50+. \u201cIbrahimovic es una mala persona. La envidia le corroe por dentro. Se despacha a gusto menospreciando a compa\u00f1eros y excompa\u00f1eros\u201d, Josep Mar\u00eda Casanovas, editor del diario Sport, de Espa\u00f1a. \u00bfHabl\u00f3 por envidia?<\/p>\n<p>Zlatan ha sido campe\u00f3n de goleo y mejor jugador en las ligas de Holanda, Italia y Francia. Pese a ello, nunca ha ganado el Bal\u00f3n de Oro, que se le otorga al Mejor<br \/>\nJugador del mundo.Ibrahimovic da su raz\u00f3n por la que no lo ha conseguido: \u201cCreo que para elegir al ganador no se toma en cuenta qui\u00e9n es el mejor. Hay mucho de politiquer\u00eda a su alrededor, sobre si es buen o mal chico el candidato\u201d. Demerita el valor del premio: \u201cLo importante es lo que yo y la gente que me rodea piensen de m\u00ed, no lo que se juzga para tener al ganador\u201d.<\/p>\n<p>El sueco ha arremetido contra Lionel Messi y Cristiano Ronaldo, quienes se han repartido el galard\u00f3n desde 2008. \u201cPodr\u00eda tener cuatro Balones de Oro, pero yo puedo<br \/>\ncomprar chocolates sin tener que poner una caja debajo\u201d, afirm\u00f3 <em>Ibra<\/em> haciendo alusi\u00f3n a la baja estatura de Messi ante la posibilidad que este obtuviera la<br \/>\ncondecoraci\u00f3n correspondiente a 2014. En tanto que de <em>CR7<\/em> \u2013quien fue galardonado ese a\u00f1o\u2013 opin\u00f3: \u201cHay, por lo menos, 10 mejores jugadores que \u00e9l. No merece ni estar entre los tres finalistas\u201d. Estas declaraciones, el diario argentino Ol\u00e9 las englob\u00f3 con la cabeza: \u201c\u00bfLe tienes envidia?\u201d.<\/p>\n<p><strong>Megal\u00f3mano<\/strong> La gloria que Ibrahimovic ha alcanzado con su futbol con frecuencia le lleva a tener delirios de grandeza. En varias ocasiones se ha comparado con Dios y el hijo de Dios.<\/p>\n<p>D\u00edas antes de que el PSG ganara la Ligue 1 2012-13, Carlo Ancelotti -entonces t\u00e9cnico del club parisino- se ve\u00eda nervioso. Para tranquilizarlo, el delantero se acerc\u00f3 a \u00e9l y le pregunt\u00f3 si cre\u00eda en Jesucristo. El italiano respondi\u00f3 que s\u00ed. \u201c\u00a1Qu\u00e9 bien porque lo tiene delante\u201d, revir\u00f3 Ibrahimovic, quien le solicit\u00f3 a Carletto: \u201cCrea en m\u00ed y rel\u00e1jese\u201d.<\/p>\n<p>Previo al partido de vuelta del repechaje clasificatorio al Mundial de Brasil 2014 de Suecia ante Portugal, un periodista sostuvo un di\u00e1logo con <em>Ibra<\/em>.<\/p>\n<p>-Zlatan, \u00bfqui\u00e9n pasar\u00e1 la eliminatoria?<br \/>\n-Solo Dios sabe si ganar\u00e1 Suecia o Portugal, respondi\u00f3 el crack de la selecci\u00f3n n\u00f3rdica.<br \/>\n-Dif\u00edcil preguntarle, Zlatan.<br \/>\n-Est\u00e1s hablando con \u00e9l, contest\u00f3 <em>Ibracadabra<\/em> y dibuj\u00f3 en su rostro una p\u00edcara sonrisa.<\/p>\n<p><iframe loading=\"lazy\" src=\"https:\/\/www.youtube.com\/embed\/Z9EwW9fPhVs\" frameborder=\"0\" allowfullscreen=\"allowfullscreen\"><\/iframe><\/p>\n<p><em>Texto de\u00a0Guillermo Vite Garc\u00eda | Tomado de la Revista Futbol Total | Mayo 2015<\/em><\/p>\n","protected":false},"excerpt":{"rendered":"<p>Descubre la personalidad del crack de PSG, quien cumple 34 a\u00f1os<\/p>\n","protected":false},"author":20,"featured_media":318915,"comment_status":"open","ping_status":"open","sticky":false,"template":"","format":"standard","meta":[],"categories":[5,3839],"tags":[3555,6059],"_links":{"self":[{"href":"http:\/\/desarrollo.grupomedios.com\/futbol\/wp-json\/wp\/v2\/posts\/318914"}],"collection":[{"href":"http:\/\/desarrollo.grupomedios.com\/futbol\/wp-json\/wp\/v2\/posts"}],"about":[{"href":"http:\/\/desarrollo.grupomedios.com\/futbol\/wp-json\/wp\/v2\/types\/post"}],"author":[{"embeddable":true,"href":"http:\/\/desarrollo.grupomedios.com\/futbol\/wp-json\/wp\/v2\/users\/20"}],"replies":[{"embeddable":true,"href":"http:\/\/desarrollo.grupomedios.com\/futbol\/wp-json\/wp\/v2\/comments?post=318914"}],"version-history":[{"count":0,"href":"http:\/\/desarrollo.grupomedios.com\/futbol\/wp-json\/wp\/v2\/posts\/318914\/revisions"}],"wp:featuredmedia":[{"embeddable":true,"href":"http:\/\/desarrollo.grupomedios.com\/futbol\/wp-json\/wp\/v2\/media\/318915"}],"wp:attachment":[{"href":"http:\/\/desarrollo.grupomedios.com\/futbol\/wp-json\/wp\/v2\/media?parent=318914"}],"wp:term":[{"taxonomy":"category","embeddable":true,"href":"http:\/\/desarrollo.grupomedios.com\/futbol\/wp-json\/wp\/v2\/categories?post=318914"},{"taxonomy":"post_tag","embeddable":true,"href":"http:\/\/desarrollo.grupomedios.com\/futbol\/wp-json\/wp\/v2\/tags?post=318914"}],"curies":[{"name":"wp","href":"https:\/\/api.w.org\/{rel}","templated":true}]}}