{"id":318960,"date":"2015-10-03T11:59:11","date_gmt":"2015-10-03T16:59:11","guid":{"rendered":"http:\/\/futboltotal.com.mx\/?p=318960"},"modified":"2015-10-03T12:00:04","modified_gmt":"2015-10-03T17:00:04","slug":"reinauguran-autodromo-hermanos-rodriguez","status":"publish","type":"post","link":"http:\/\/desarrollo.grupomedios.com\/futbol\/no-todo-es-futbol\/reinauguran-autodromo-hermanos-rodriguez\/2015\/10","title":{"rendered":"Reinauguran Aut\u00f3dromo Hermanos Rodr\u00edguez"},"content":{"rendered":"<p>Este s\u00e1bado, se reinaugur\u00f3 el <b>Aut\u00f3dromo Hermanos Rodr\u00edguez<\/b>, ceremonia donde los pilotos mexicanos<strong> Sergio P\u00e9rez<\/strong> y H\u00e9ctor Rebaque, as\u00ed como el brasile\u00f1o Emerson Fittipaldi, nombrado embajador honorario de la carrera, fueron invitados especiales.<\/p>\n<p>Cabe apuntar que el acontecimiento se da menos de un mes del <b>Gran Premios de M\u00e9xico<\/b> de <b>F\u00f3rmula 1<\/b>, el cual se correr\u00e1 el pr\u00f3ximo 1 de noviembre y que representar\u00e1 la primera carrera en suelo <i>azteca<\/i> despu\u00e9s de 23 a\u00f1os.<\/p>\n<p>La pista de los <b>Hermanos Rodr\u00edguez<\/b>, inaugurada en 1959, fue sede de la m\u00e1xima categor\u00eda del automovilismo en un par de etapas anteriores: entre 1962 y 1979 y de 1986 a 1992. Desde entonces, la pista y sus instalaciones hab\u00edan permanecido sin cambios mayores hasta octubre pasado, cuando comenzaron los trabajos para recibir de nueva cuenta a la <b>F\u00f3rmula 1<\/b>.<\/p>\n<p>En ese sentido, destacar que el trazado original del <b>Aut\u00f3dromo Hermanos Rodr\u00edguez<\/b> sufri\u00f3 modificaciones en las curvas <i>S<\/i>, as\u00ed como en la curva peraltada, que era muy pronunciada, y en la parte que se ubica antes de entrar a la recta principal.<\/p>\n<p>El circuito fue inaugurado por el jefe de gobierno de la capital, Miguel \u00c1ngel Mancera, y minutos m\u00e1s tarde fue probado por <i>Checo<\/i> P\u00e9rez, Emerson Fittipaldi\u00a0y\u00a0H\u00e9ctor Rebaque, quien corri\u00f3 en 41 carreras de la F\u00f3rmula 1 entre 1977 y 1983.<\/p>\n<p>&#8220;No me la creo, esto es algo que so\u00f1\u00e9 siempre, tengo casi 15 a\u00f1os sin correr en mi pa\u00eds y es incre\u00edble&#8221;, dijo <b>Sergio P\u00e9rez<\/b>, quien milita en la escuder\u00eda Force India.<\/p>\n","protected":false},"excerpt":{"rendered":"<p>El circuito fue probado por el piloto mexicano Checo P\u00e9rez<\/p>\n","protected":false},"author":20,"featured_media":318962,"comment_status":"open","ping_status":"open","sticky":false,"template":"","format":"standard","meta":[],"categories":[5810,5418],"tags":[5493,5771],"_links":{"self":[{"href":"http:\/\/desarrollo.grupomedios.com\/futbol\/wp-json\/wp\/v2\/posts\/318960"}],"collection":[{"href":"http:\/\/desarrollo.grupomedios.com\/futbol\/wp-json\/wp\/v2\/posts"}],"about":[{"href":"http:\/\/desarrollo.grupomedios.com\/futbol\/wp-json\/wp\/v2\/types\/post"}],"author":[{"embeddable":true,"href":"http:\/\/desarrollo.grupomedios.com\/futbol\/wp-json\/wp\/v2\/users\/20"}],"replies":[{"embeddable":true,"href":"http:\/\/desarrollo.grupomedios.com\/futbol\/wp-json\/wp\/v2\/comments?post=318960"}],"version-history":[{"count":0,"href":"http:\/\/desarrollo.grupomedios.com\/futbol\/wp-json\/wp\/v2\/posts\/318960\/revisions"}],"wp:featuredmedia":[{"embeddable":true,"href":"http:\/\/desarrollo.grupomedios.com\/futbol\/wp-json\/wp\/v2\/media\/318962"}],"wp:attachment":[{"href":"http:\/\/desarrollo.grupomedios.com\/futbol\/wp-json\/wp\/v2\/media?parent=318960"}],"wp:term":[{"taxonomy":"category","embeddable":true,"href":"http:\/\/desarrollo.grupomedios.com\/futbol\/wp-json\/wp\/v2\/categories?post=318960"},{"taxonomy":"post_tag","embeddable":true,"href":"http:\/\/desarrollo.grupomedios.com\/futbol\/wp-json\/wp\/v2\/tags?post=318960"}],"curies":[{"name":"wp","href":"https:\/\/api.w.org\/{rel}","templated":true}]}}