{"id":318989,"date":"2015-10-03T13:32:14","date_gmt":"2015-10-03T18:32:14","guid":{"rendered":"http:\/\/futboltotal.com.mx\/?p=318989"},"modified":"2015-10-03T13:32:14","modified_gmt":"2015-10-03T18:32:14","slug":"james-rodriguez-dice-adios-al-derbi-de-madrid","status":"publish","type":"post","link":"http:\/\/desarrollo.grupomedios.com\/futbol\/futbol-internacional\/james-rodriguez-dice-adios-al-derbi-de-madrid\/2015\/10","title":{"rendered":"James Rodr\u00edguez dice adi\u00f3s al derbi de Madrid"},"content":{"rendered":"<p>Un nuevo golpe en el muslo izquierdo deja al mediocampista del Real Madrid, <strong>James Rodr\u00edguez<\/strong>, sin derbi ante el Atl\u00e9tico de Madrid y sin fecha FIFA, as\u00ed lo revel\u00f3 esta ma\u00f1ana el t\u00e9cnico del conjunto merengue, Rafa Ben\u00edtez.<\/p>\n<p>La reca\u00edda retrasar\u00e1 el regreso del colombiano al menos dos semanas m\u00e1s de lo esperado, por lo que el m\u00e9dico de la selecci\u00f3n colombiana Carlos Ulloa y el t\u00e9cnico Jos\u00e9 Pekerman, quien lo hab\u00eda convocado para enfrentar a Per\u00fa y Uruguay, viajaron hasta la capital espa\u00f1ola para valorar la situaci\u00f3n de su jugador y se llevaron la desagradable nueva, seg\u00fan revela <em>Radio Caracol<\/em>. <\/p>\n<p>\u201cNosotros, despu\u00e9s del viaje, hicimos un entrenamiento el jueves.\u00c9l tuvo un golpe en la zona de la lesi\u00f3n y sinti\u00f3 molestias. Ulloa y Pekerman est\u00e1n en Madrid y han recibido la informaci\u00f3n de nuestro doctor. No est\u00e1 en condiciones para este partido y l\u00f3gicamente no podr\u00e1 jugar con la selecci\u00f3n\u201d, dijo el t\u00e9cnico Rafa Ben\u00edtez en rueda de prensa celebrada en la Ciudad Deportiva Real Madrid este s\u00e1bado.<\/p>\n<p style=\"text-align: center;\"><span style=\"color: #3366ff;\"><strong><a style=\"color: #3366ff;\" href=\"http:\/\/futboltotal.com.mx\/futbol-internacional\/\">LEER M\u00c1S: Todas las noticias del futbol internacional. <\/a><\/strong><\/span><\/p>\n<p><strong>James Rodr\u00edguez<\/strong> se ha perdido los \u00faltimos seis partidos del Real Madrid luego de volver lesionado de su participaci\u00f3n en la fecha FIFA de septiembre y dada la importancia del jugador, Rafa Ben\u00edtez esperaba recuperarlo para el encuentro que disputar\u00e1 este domingo ante el Atl\u00e9tico de Madrid en el Vicente Calder\u00f3n.<\/p>\n<p>Mientras la informaci\u00f3n que llega de Colombia habla de un \u201cdesgarre\u201d y se teme, incluso, su presencia en la fecha FIFA de noviembre, el t\u00e9cnico del Real Madrid destac\u00f3 que no se trata de una \u201clesi\u00f3n importante\u201d, y si bien si bien no quiso profundizar en el estado del jugador, espera poder recuperarlo dentro de dos semanas cuando el equipo merengue retome la actividad tras la pausa en liga por los compromisos internacionales.<\/p>\n","protected":false},"excerpt":{"rendered":"<p>Su regreso estaba presupuestado para la visita al Vicente Calder\u00f3n pero las ilusiones se quebraron <\/p>\n","protected":false},"author":20,"featured_media":306962,"comment_status":"open","ping_status":"open","sticky":false,"template":"","format":"standard","meta":[],"categories":[3839,5951],"tags":[6082,5988],"_links":{"self":[{"href":"http:\/\/desarrollo.grupomedios.com\/futbol\/wp-json\/wp\/v2\/posts\/318989"}],"collection":[{"href":"http:\/\/desarrollo.grupomedios.com\/futbol\/wp-json\/wp\/v2\/posts"}],"about":[{"href":"http:\/\/desarrollo.grupomedios.com\/futbol\/wp-json\/wp\/v2\/types\/post"}],"author":[{"embeddable":true,"href":"http:\/\/desarrollo.grupomedios.com\/futbol\/wp-json\/wp\/v2\/users\/20"}],"replies":[{"embeddable":true,"href":"http:\/\/desarrollo.grupomedios.com\/futbol\/wp-json\/wp\/v2\/comments?post=318989"}],"version-history":[{"count":0,"href":"http:\/\/desarrollo.grupomedios.com\/futbol\/wp-json\/wp\/v2\/posts\/318989\/revisions"}],"wp:featuredmedia":[{"embeddable":true,"href":"http:\/\/desarrollo.grupomedios.com\/futbol\/wp-json\/wp\/v2\/media\/306962"}],"wp:attachment":[{"href":"http:\/\/desarrollo.grupomedios.com\/futbol\/wp-json\/wp\/v2\/media?parent=318989"}],"wp:term":[{"taxonomy":"category","embeddable":true,"href":"http:\/\/desarrollo.grupomedios.com\/futbol\/wp-json\/wp\/v2\/categories?post=318989"},{"taxonomy":"post_tag","embeddable":true,"href":"http:\/\/desarrollo.grupomedios.com\/futbol\/wp-json\/wp\/v2\/tags?post=318989"}],"curies":[{"name":"wp","href":"https:\/\/api.w.org\/{rel}","templated":true}]}}